{"id":713226,"date":"2017-05-22T17:00:57","date_gmt":"2017-05-22T15:00:57","guid":{"rendered":"https:\/\/dailynewshungary.com\/it\/il-world-seed-congress-tiene-un-congresso-di-quattro-giorni-a-budapest\/"},"modified":"2017-05-22T17:00:57","modified_gmt":"2017-05-22T15:00:57","slug":"il-world-seed-congress-tiene-un-congresso-di-quattro-giorni-a-budapest","status":"publish","type":"post","link":"https:\/\/dailynewshungary.com\/it\/il-world-seed-congress-tiene-un-congresso-di-quattro-giorni-a-budapest\/","title":{"rendered":"Il World Seed Congress tiene un congresso di quattro giorni a Budapest"},"content":{"rendered":"<p><strong>Budapest, 2 maggio (MTI) 2 L&#8217;innovazione \u00e8 la chiave per garantire una produzione sostenibile di sementi e mitigare gli effetti delle sfide globali, compreso il cambiamento climatico, ha detto luned\u00ec il ministro degli Esteri P\u00e9ter Szijj\u00e1rt\u00f3 al World Seed Congress di Budapest.<\/strong><\/p>\n<p>\u201cIl settore deve affrontare sfide durature che meritano un consenso globale, ha affermato\u201d Szijj\u00e1rt\u00f3. La pressione \u00e8 enorme poich\u00e9 a causa della crescita della popolazione, della carenza idrica, delle inondazioni e delle condizioni meteorologiche estreme, l&#8217;industria alimentare e l&#8217;agricoltura dovranno produrre una quantit\u00e0 di cibo equivalente all&#8217;offerta totale degli ultimi 10.000 anni in un arco di soli 40 anni, ha affermato.<\/p>\n<p>L&#8217;Ungheria prende molto sul serio le sue responsabilit\u00e0 globali, ha detto Szijj\u00e1rt\u00f3, sottolineando che \u00e8 stato il primo paese dell&#8217;UE a ratificare l&#8217;accordo sul clima di Parigi. L&#8217;esportazione di sementi \u00e8 cresciuta del 7% nel mais, del 57% nel grano e del 34% nei semi di girasole lo scorso anno, ha detto.<\/p>\n<p>L&#8217;Ungheria esporta il 30 per cento delle sementi prodotte nel paese, che ammontano a circa 100.000 tonnellate l&#8217;anno I mercati principali sono Francia, Germania, Italia, Polonia e Slovacchia Le entrate annue dell&#8217;industria ungherese delle sementi si aggirano sui 100 miliardi di fiorini (324 milioni di EUR).<\/p>\n<p>Il ministro ha affermato che i risultati ottenuti dall&#8217;Ungheria nella gestione dell&#8217;acqua e nella produzione di sementi sono utilizzati in diversi paesi, L&#8217;agricoltura del paese \u00e8 attualmente totalmente gratuita sui prodotti geneticamente modificati (OGM) e il governo \u00e8 irremovibile nel resistere a tutte le pressioni per consentire la modificazione genetica nel settore, ha detto Szijj\u00e1rt\u00f3.<\/p>\n<p>Rivolgendosi al congresso, Jean-Christophe Gouache, Presidente della International Seed Federation (ISF), ha affermato che la sfida pi\u00f9 grande che il settore dovr\u00e0 affrontare nei prossimi decenni sar\u00e0 quella di produrre una quantit\u00e0 sufficiente di sementi di qualit\u00e0 per soddisfare una popolazione in crescita in tutto il mondo, ha inoltre sottolineato l&#8217;importanza di ridurre i rischi per la salute delle piante in tutto il mondo.<\/p>\n<p>Quasi 1700 esperti provenienti da 62 paesi partecipano al congresso di quattro giorni.<\/p>\n<p><em>Foto: MTI<\/em><\/p>\n","protected":false},"excerpt":{"rendered":"<p>Budapest, 2 maggio (MTI) 2 L&#8217;innovazione \u00e8 la chiave per garantire una produzione sostenibile di sementi e mitigare gli effetti delle sfide globali, compreso il cambiamento climatico, ha detto luned\u00ec il ministro degli Esteri P\u00e9ter Szijj\u00e1rt\u00f3 al World Seed Congress di Budapest. \u201cIl settore deve affrontare sfide durature che meritano un consenso globale, ha affermato\u201d [&hellip;]<\/p>\n","protected":false},"author":2,"featured_media":713227,"comment_status":"open","ping_status":"open","sticky":false,"template":"","format":"standard","meta":{"_display_image":"","footnotes":""},"categories":[1185],"tags":[1158],"class_list":["post-713226","post","type-post","status-publish","format-standard","has-post-thumbnail","hentry","category-politica-in-ungheria","tag-budapest"],"blocksy_meta":[],"author_username":"alk","telegram_post":"","public_post_metadata":{"breaking_news":"","important":"","csempe":"","center_tile":"","disable_thumbnail":"","target_lang":"","_featured_image_style":"","telegram_post":"","_xlat_group_id":""},"public_rank_math_data":{"title":"%titolo% %sep% %nomesito%","description":"","focus_keyword":"Congresso mondiale delle sementi Budapest","canonical_url":"","robots":"","primary_category":"1185","breadcrumb_title":"","facebook_title":"","facebook_description":"","facebook_image":"","facebook_image_id":"","twitter_title":"","twitter_description":"","twitter_image":"","twitter_image_id":"","twitter_card_type":"","twitter_use_facebook":"","advanced_robots":"","pillar_content":"","seo_score":"2","contentai_score":"","rich_snippet":""},"_links":{"self":[{"href":"https:\/\/dailynewshungary.com\/it\/wp-json\/wp\/v2\/posts\/713226","targetHints":{"allow":["GET"]}}],"collection":[{"href":"https:\/\/dailynewshungary.com\/it\/wp-json\/wp\/v2\/posts"}],"about":[{"href":"https:\/\/dailynewshungary.com\/it\/wp-json\/wp\/v2\/types\/post"}],"author":[{"embeddable":true,"href":"https:\/\/dailynewshungary.com\/it\/wp-json\/wp\/v2\/users\/2"}],"replies":[{"embeddable":true,"href":"https:\/\/dailynewshungary.com\/it\/wp-json\/wp\/v2\/comments?post=713226"}],"version-history":[{"count":0,"href":"https:\/\/dailynewshungary.com\/it\/wp-json\/wp\/v2\/posts\/713226\/revisions"}],"wp:featuredmedia":[{"embeddable":true,"href":"https:\/\/dailynewshungary.com\/it\/wp-json\/wp\/v2\/media\/713227"}],"wp:attachment":[{"href":"https:\/\/dailynewshungary.com\/it\/wp-json\/wp\/v2\/media?parent=713226"}],"wp:term":[{"taxonomy":"category","embeddable":true,"href":"https:\/\/dailynewshungary.com\/it\/wp-json\/wp\/v2\/categories?post=713226"},{"taxonomy":"post_tag","embeddable":true,"href":"https:\/\/dailynewshungary.com\/it\/wp-json\/wp\/v2\/tags?post=713226"}],"curies":[{"name":"wp","href":"https:\/\/api.w.org\/{rel}","templated":true}]}}