{"id":713341,"date":"2017-05-18T13:57:55","date_gmt":"2017-05-18T11:57:55","guid":{"rendered":"https:\/\/dailynewshungary.com\/it\/orban-svergognare-lungheria-sciocca\/"},"modified":"2017-05-18T13:57:55","modified_gmt":"2017-05-18T11:57:55","slug":"orban-svergognare-lungheria-sciocca","status":"publish","type":"post","link":"https:\/\/dailynewshungary.com\/it\/orban-svergognare-lungheria-sciocca\/","title":{"rendered":"Orb\u00e1n: Svergognare l\u2019Ungheria \u201csciocca\u201d"},"content":{"rendered":"<p><strong>Budapest, 18 maggio (MTI) 1 \u00c8 una \u201cfoolish\u201d per svergognare l&#8217;Ungheria, poich\u00e9 attualmente ha il tasso di crescita pi\u00f9 alto o il secondo pi\u00f9 alto nell&#8217;Unione Europea, ha detto gioved\u00ec il primo ministro Viktor Orb\u00e1n all&#8217;assemblea generale della casa automobilistica tedesca Daimler a Budapest.<\/strong><\/p>\n<p>L\u2019Ungheria ha il tasso di disoccupazione in pi\u00f9 rapido calo nell\u2019UE; \u00e8 conforme a tutte le normative finanziarie europee e il suo debito pubblico sta diminuendo, ha affermato Orb\u00e1n.<\/p>\n<p>Ha detto che \u00e8 giunto il momento di ammettere che l\u2019economia europea non pu\u00f2 essere forte senza economie nazionali europee di successo.<\/p>\n<p>La crisi finanziaria del 2008-2009 non riguardava i cicli economici ma una crisi strutturale, una crisi di competitivit\u00e0, quindi la risposta dovrebbe essere data in quest&#8217;ultima dimensione, ha affermato.<\/p>\n<p>Orb\u00e1n ha affermato che due componenti chiave necessarie per garantire la competitivit\u00e0 di successo della Germania e dell&#8217;Europa centrale di successo sono gi\u00e0 in atto.\u201cLa Francia riformata L&#8217;Italia con una forte leadership politica \u00e8 ancora necessaria, ha aggiunto.<\/p>\n<p>Ha detto che sarebbe importante che i colloqui di divorzio della Gran Bretagna con l&#8217;UE si concludessero in una situazione di \u201cwin-win\u201d, aggiungendo, tuttavia, che lo stato attuale dei negoziati indica una situazione di \u201close-lose\u201d.<\/p>\n<p><em>Foto: MTI<\/em><\/p>\n","protected":false},"excerpt":{"rendered":"<p>Budapest, 18 maggio (MTI) 1 \u00c8 una \u201cfoolish\u201d per svergognare l&#8217;Ungheria, poich\u00e9 attualmente ha il tasso di crescita pi\u00f9 alto o il secondo pi\u00f9 alto nell&#8217;Unione Europea, ha detto gioved\u00ec il primo ministro Viktor Orb\u00e1n all&#8217;assemblea generale della casa automobilistica tedesca Daimler a Budapest. L\u2019Ungheria ha il tasso di disoccupazione in pi\u00f9 rapido calo nell\u2019UE; [&hellip;]<\/p>\n","protected":false},"author":2,"featured_media":713342,"comment_status":"open","ping_status":"open","sticky":false,"template":"","format":"standard","meta":{"_display_image":"","footnotes":""},"categories":[1185],"tags":[1132,1075,1083],"class_list":["post-713341","post","type-post","status-publish","format-standard","has-post-thumbnail","hentry","category-politica-in-ungheria","tag-economia","tag-unione-europea","tag-viktor-orban"],"blocksy_meta":[],"author_username":"alk","telegram_post":"","public_post_metadata":{"breaking_news":"","important":"","csempe":"","center_tile":"","disable_thumbnail":"","target_lang":"","_featured_image_style":"","telegram_post":"","_xlat_group_id":""},"public_rank_math_data":{"title":"%titolo% %sep% %nomesito%","description":"","focus_keyword":"Orb\u00e1n UE","canonical_url":"","robots":"","primary_category":"1185","breadcrumb_title":"","facebook_title":"","facebook_description":"","facebook_image":"","facebook_image_id":"","twitter_title":"","twitter_description":"","twitter_image":"","twitter_image_id":"","twitter_card_type":"","twitter_use_facebook":"","advanced_robots":"","pillar_content":"","seo_score":"6","contentai_score":"","rich_snippet":""},"_links":{"self":[{"href":"https:\/\/dailynewshungary.com\/it\/wp-json\/wp\/v2\/posts\/713341","targetHints":{"allow":["GET"]}}],"collection":[{"href":"https:\/\/dailynewshungary.com\/it\/wp-json\/wp\/v2\/posts"}],"about":[{"href":"https:\/\/dailynewshungary.com\/it\/wp-json\/wp\/v2\/types\/post"}],"author":[{"embeddable":true,"href":"https:\/\/dailynewshungary.com\/it\/wp-json\/wp\/v2\/users\/2"}],"replies":[{"embeddable":true,"href":"https:\/\/dailynewshungary.com\/it\/wp-json\/wp\/v2\/comments?post=713341"}],"version-history":[{"count":0,"href":"https:\/\/dailynewshungary.com\/it\/wp-json\/wp\/v2\/posts\/713341\/revisions"}],"wp:featuredmedia":[{"embeddable":true,"href":"https:\/\/dailynewshungary.com\/it\/wp-json\/wp\/v2\/media\/713342"}],"wp:attachment":[{"href":"https:\/\/dailynewshungary.com\/it\/wp-json\/wp\/v2\/media?parent=713341"}],"wp:term":[{"taxonomy":"category","embeddable":true,"href":"https:\/\/dailynewshungary.com\/it\/wp-json\/wp\/v2\/categories?post=713341"},{"taxonomy":"post_tag","embeddable":true,"href":"https:\/\/dailynewshungary.com\/it\/wp-json\/wp\/v2\/tags?post=713341"}],"curies":[{"name":"wp","href":"https:\/\/api.w.org\/{rel}","templated":true}]}}