{"id":713546,"date":"2017-05-12T11:45:12","date_gmt":"2017-05-12T09:45:12","guid":{"rendered":"https:\/\/dailynewshungary.com\/it\/fidesz-spende-32-milioni-di-euro-nel-2016\/"},"modified":"2017-05-12T11:45:12","modified_gmt":"2017-05-12T09:45:12","slug":"fidesz-spende-32-milioni-di-euro-nel-2016","status":"publish","type":"post","link":"https:\/\/dailynewshungary.com\/it\/fidesz-spende-32-milioni-di-euro-nel-2016\/","title":{"rendered":"Fidesz spende 3,2 milioni di euro nel 2016"},"content":{"rendered":"<p><strong>Budapest, 2 maggio (MTI) 1 I ricavi del Fidesz al potere sono ammontati a poco pi\u00f9 di un miliardo di fiorini (3,2 milioni di euro) lo scorso anno, mentre la spesa del partito \u00e8 stata pari a 1,5 miliardi di fiorini, secondo la sua dichiarazione di profitti e perdite pubblicata nell&#8217;Hivatalos \u00c9rtes\u00edt\u0151 ufficiale.<\/strong><\/p>\n<p>La maggior parte delle entrate del partito, 877 milioni di fiorini, proveniva dal bilancio centrale. Ha raccolto 157 milioni di fiorini dalle quote associative e 47 milioni di fiorini da altri contributi e donazioni, afferma il rapporto.<\/p>\n<p>Dal lato della spesa, il partito ha utilizzato 653 milioni di fiorini per acquistare attrezzature, mentre i costi operativi sono stati pari a 312 milioni di fiorini per l&#8217;intero anno Fidesz ha speso 240 milioni di fiorini in attivit\u00e0 politiche e un totale di 365 milioni di fiorini in attivit\u00e0 non definite.<\/p>\n<p>Nel 2015, il partito ha avuto entrate simili ma la sua spesa \u00e8 stata pari a 921 milioni di fiorini.<\/p>\n<p><em>Foto: MTI<\/em><\/p>\n","protected":false},"excerpt":{"rendered":"<p>Budapest, 2 maggio (MTI) 1 I ricavi del Fidesz al potere sono ammontati a poco pi\u00f9 di un miliardo di fiorini (3,2 milioni di euro) lo scorso anno, mentre la spesa del partito \u00e8 stata pari a 1,5 miliardi di fiorini, secondo la sua dichiarazione di profitti e perdite pubblicata nell&#8217;Hivatalos \u00c9rtes\u00edt\u0151 ufficiale. La maggior [&hellip;]<\/p>\n","protected":false},"author":2,"featured_media":713547,"comment_status":"open","ping_status":"open","sticky":false,"template":"","format":"standard","meta":{"_display_image":"","footnotes":""},"categories":[1185],"tags":[1078,1083],"class_list":["post-713546","post","type-post","status-publish","format-standard","has-post-thumbnail","hentry","category-politica-in-ungheria","tag-fidesz","tag-viktor-orban"],"blocksy_meta":[],"author_username":"alk","telegram_post":"","public_post_metadata":{"breaking_news":"","important":"","csempe":"","center_tile":"","disable_thumbnail":"","target_lang":"","_featured_image_style":"","telegram_post":"","_xlat_group_id":""},"public_rank_math_data":{"title":"%titolo% %sep% %nomesito%","description":"","focus_keyword":"Bilancio FIDESZ","canonical_url":"","robots":"","primary_category":"1185","breadcrumb_title":"","facebook_title":"","facebook_description":"","facebook_image":"","facebook_image_id":"","twitter_title":"","twitter_description":"","twitter_image":"","twitter_image_id":"","twitter_card_type":"","twitter_use_facebook":"","advanced_robots":"","pillar_content":"","seo_score":"6","contentai_score":"","rich_snippet":""},"_links":{"self":[{"href":"https:\/\/dailynewshungary.com\/it\/wp-json\/wp\/v2\/posts\/713546","targetHints":{"allow":["GET"]}}],"collection":[{"href":"https:\/\/dailynewshungary.com\/it\/wp-json\/wp\/v2\/posts"}],"about":[{"href":"https:\/\/dailynewshungary.com\/it\/wp-json\/wp\/v2\/types\/post"}],"author":[{"embeddable":true,"href":"https:\/\/dailynewshungary.com\/it\/wp-json\/wp\/v2\/users\/2"}],"replies":[{"embeddable":true,"href":"https:\/\/dailynewshungary.com\/it\/wp-json\/wp\/v2\/comments?post=713546"}],"version-history":[{"count":0,"href":"https:\/\/dailynewshungary.com\/it\/wp-json\/wp\/v2\/posts\/713546\/revisions"}],"wp:featuredmedia":[{"embeddable":true,"href":"https:\/\/dailynewshungary.com\/it\/wp-json\/wp\/v2\/media\/713547"}],"wp:attachment":[{"href":"https:\/\/dailynewshungary.com\/it\/wp-json\/wp\/v2\/media?parent=713546"}],"wp:term":[{"taxonomy":"category","embeddable":true,"href":"https:\/\/dailynewshungary.com\/it\/wp-json\/wp\/v2\/categories?post=713546"},{"taxonomy":"post_tag","embeddable":true,"href":"https:\/\/dailynewshungary.com\/it\/wp-json\/wp\/v2\/tags?post=713546"}],"curies":[{"name":"wp","href":"https:\/\/api.w.org\/{rel}","templated":true}]}}