{"id":713603,"date":"2017-05-10T17:00:26","date_gmt":"2017-05-10T15:00:26","guid":{"rendered":"https:\/\/dailynewshungary.com\/it\/funzionario-del-governo-ungherese-chiede-a-timmermans-di-dimettersi\/"},"modified":"2017-05-10T17:00:26","modified_gmt":"2017-05-10T15:00:26","slug":"funzionario-del-governo-ungherese-chiede-a-timmermans-di-dimettersi","status":"publish","type":"post","link":"https:\/\/dailynewshungary.com\/it\/funzionario-del-governo-ungherese-chiede-a-timmermans-di-dimettersi\/","title":{"rendered":"Funzionario del governo ungherese chiede a Timmermans di dimettersi"},"content":{"rendered":"<p><strong>Budapest, 1 maggio (MTI) 1 Mercoled\u00ec un funzionario del governo ungherese ha inviato una lettera a Frans Timmermans, primo vicepresidente della Commissione europea, invitandolo a lasciare il suo incarico, commentando il commissario in un&#8217;intervista al quotidiano tedesco Die Zeit riguardo alla sua opinione secondo cui il primo ministro Viktor Orb\u00e1n era stato motivato dall&#8217;antisemitismo quando aveva criticato l&#8217;finanziatore americano George Soros durante il suo recente discorso al Parlamento europeo.<\/strong><\/p>\n<p>Mikl\u00f3s Solt\u00e9sz, segretario di stato del ministero delle risorse umane per la chiesa, la cittadinanza e le relazioni con la societ\u00e0 civile, ha scritto a Timmermans che le sue osservazioni avevano \u201cgravemente offeso il nostro paese, il popolo ungherese e la comunit\u00e0 ebraica qui, e quindi non c&#8217;\u00e8 altra scelta se non quella di dimettersi dal tuo post\u201d.<\/p>\n<p>Il segretario di Stato ha detto di aver letto l&#8217;intervista con il senso di \u201coutrage\u201d. \u201cRifiuto l&#8217;accusa infondata a nome di tutti gli ungheresi che si sono offesi, ha scritto, aggiungendo che l&#8217;osservazione di Timmermans suggerisce che egli \u201cnon sa nulla della realt\u00e0 ungherese&#8230;\u201d<\/p>\n<p>Soltesz ha osservato che il governo guidato da Orban ha investito 19 miliardi di fiorini (61 milioni di euro) di denaro dei contribuenti per sostenere la comunit\u00e0 ebraica ungherese, con conseguente rinnovamento delle sinagoghe in tutto il paese e oltre i suoi confini.<\/p>\n<p>Il governo ha anche dato sostegno finanziario per un programma nazionale per rinnovare i cimiteri ebraici, ha anche introdotto una giornata della memoria dedicata alle vittime dell&#8217;Olocausto e ha designato la negazione dell&#8217;Olocausto come un crimine Soltesz ha inoltre elencato le numerose aree in cui il governo ha sostenuto le attivit\u00e0 educative e di altro tipo della comunit\u00e0 ebraica.<\/p>\n<p>Ha anche osservato che anche il film di Fatelessness del premio Nobel Imre Kertesz e il film premio Oscar Son of Saul hanno beneficiato del sostegno statale sotto l&#8217;attuale governo.<\/p>\n","protected":false},"excerpt":{"rendered":"<p>Budapest, 1 maggio (MTI) 1 Mercoled\u00ec un funzionario del governo ungherese ha inviato una lettera a Frans Timmermans, primo vicepresidente della Commissione europea, invitandolo a lasciare il suo incarico, commentando il commissario in un&#8217;intervista al quotidiano tedesco Die Zeit riguardo alla sua opinione secondo cui il primo ministro Viktor Orb\u00e1n era stato motivato dall&#8217;antisemitismo quando [&hellip;]<\/p>\n","protected":false},"author":2,"featured_media":713604,"comment_status":"open","ping_status":"open","sticky":false,"template":"","format":"standard","meta":{"_display_image":"","footnotes":""},"categories":[1185],"tags":[1263,1075,1083],"class_list":["post-713603","post","type-post","status-publish","format-standard","has-post-thumbnail","hentry","category-politica-in-ungheria","tag-commissione-europea","tag-unione-europea","tag-viktor-orban"],"blocksy_meta":[],"author_username":"alk","telegram_post":"","public_post_metadata":{"breaking_news":"","important":"","csempe":"","center_tile":"","disable_thumbnail":"","target_lang":"","_featured_image_style":"","telegram_post":"","_xlat_group_id":""},"public_rank_math_data":{"title":"%titolo% %sep% %nomesito%","description":"","focus_keyword":"Timmermans Ungheria","canonical_url":"","robots":"","primary_category":"1185","breadcrumb_title":"","facebook_title":"","facebook_description":"","facebook_image":"","facebook_image_id":"","twitter_title":"","twitter_description":"","twitter_image":"","twitter_image_id":"","twitter_card_type":"","twitter_use_facebook":"","advanced_robots":"","pillar_content":"","seo_score":"3","contentai_score":"","rich_snippet":""},"_links":{"self":[{"href":"https:\/\/dailynewshungary.com\/it\/wp-json\/wp\/v2\/posts\/713603","targetHints":{"allow":["GET"]}}],"collection":[{"href":"https:\/\/dailynewshungary.com\/it\/wp-json\/wp\/v2\/posts"}],"about":[{"href":"https:\/\/dailynewshungary.com\/it\/wp-json\/wp\/v2\/types\/post"}],"author":[{"embeddable":true,"href":"https:\/\/dailynewshungary.com\/it\/wp-json\/wp\/v2\/users\/2"}],"replies":[{"embeddable":true,"href":"https:\/\/dailynewshungary.com\/it\/wp-json\/wp\/v2\/comments?post=713603"}],"version-history":[{"count":0,"href":"https:\/\/dailynewshungary.com\/it\/wp-json\/wp\/v2\/posts\/713603\/revisions"}],"wp:featuredmedia":[{"embeddable":true,"href":"https:\/\/dailynewshungary.com\/it\/wp-json\/wp\/v2\/media\/713604"}],"wp:attachment":[{"href":"https:\/\/dailynewshungary.com\/it\/wp-json\/wp\/v2\/media?parent=713603"}],"wp:term":[{"taxonomy":"category","embeddable":true,"href":"https:\/\/dailynewshungary.com\/it\/wp-json\/wp\/v2\/categories?post=713603"},{"taxonomy":"post_tag","embeddable":true,"href":"https:\/\/dailynewshungary.com\/it\/wp-json\/wp\/v2\/tags?post=713603"}],"curies":[{"name":"wp","href":"https:\/\/api.w.org\/{rel}","templated":true}]}}