{"id":713791,"date":"2017-05-04T15:30:20","date_gmt":"2017-05-04T13:30:20","guid":{"rendered":"https:\/\/dailynewshungary.com\/it\/la-crescita-delle-vendite-al-dettaglio-accelera-a-36-pc-a-marzo\/"},"modified":"2017-05-04T15:30:20","modified_gmt":"2017-05-04T13:30:20","slug":"la-crescita-delle-vendite-al-dettaglio-accelera-a-36-pc-a-marzo","status":"publish","type":"post","link":"https:\/\/dailynewshungary.com\/it\/la-crescita-delle-vendite-al-dettaglio-accelera-a-36-pc-a-marzo\/","title":{"rendered":"La crescita delle vendite al dettaglio accelera a 3,6 pc a marzo"},"content":{"rendered":"<p><strong>Budapest, 4 maggio (MTI) 4 Le vendite al dettaglio in Ungheria sono aumentate del 3,6% annuo a marzo, accelerando dallo 0,8% del mese precedente, come mostrano i dati diffusi gioved\u00ec dall&#8217;Ufficio centrale di statistica (KSH).<\/strong><\/p>\n<p>Al netto degli effetti dell&#8217;anno solare, le vendite al dettaglio sono aumentate del 5,6%, cosa che KSH ha attribuito all&#8217;effetto delle vacanze di Pasqua. Le vendite di prodotti alimentari sono aumentate del 3,8%, le vendite di prodotti non alimentari sono aumentate dell&#8217;8,2% e le vendite di carburante per veicoli sono aumentate del 2,3%.<\/p>\n<p>Nel periodo gennaio-marzo le vendite al dettaglio sono aumentate del 3,1% non rettificato e del 3,4% rettificato.<\/p>\n<p>Commentando i dati, il vice segretario di Stato del ministero dell&#8217;Economia Zolt\u00e1n Istv\u00e1n Marczink\u00f3 ha dichiarato al canale di notizie pubbliche M1 che le vendite al dettaglio sono cresciute per 45 mesi di fila. Ha affermato che il tasso di crescita di marzo \u00e8 stato particolarmente favorevole a causa della base elevata. Ha previsto una crescita stabile e continua dei consumi, aggiungendo che ulteriori dettagli sui dati mostrerebbero che i consumatori tendono a favorire i prodotti ungheresi. Ha detto che c&#8217;\u00e8 pi\u00f9 spazio per la crescita delle vendite al dettaglio, che secondo lui \u00e8 sostenuta dalla crescita dei salari reali.<\/p>\n<p>L&#8217;analista P\u00e9ter Virov\u00e1cz di ING Bank ha osservato che la crescita delle vendite al dettaglio ha raggiunto un picco di undici mesi a marzo, sostenuta da una crescita dinamica dei salari e da una solida fiducia dei consumatori.<\/p>\n<p>Gergely Urmossy di Erste Bank ha dichiarato di aspettarsi che la crescita delle vendite al dettaglio continui nei prossimi mesi, ha aggiunto che i dati del primo trimestre hanno confermato che il rafforzamento dei consumi delle famiglie sar\u00e0 una componente chiave della crescita economica dell&#8217;Ungheria quest&#8217;anno.<\/p>\n<p>Gergely Supp\u00e1n di Takar\u00e9kbank prevede una crescita delle vendite al dettaglio del 4,5-5% per l&#8217;intero anno.<\/p>\n","protected":false},"excerpt":{"rendered":"<p>Budapest, 4 maggio (MTI) 4 Le vendite al dettaglio in Ungheria sono aumentate del 3,6% annuo a marzo, accelerando dallo 0,8% del mese precedente, come mostrano i dati diffusi gioved\u00ec dall&#8217;Ufficio centrale di statistica (KSH). Al netto degli effetti dell&#8217;anno solare, le vendite al dettaglio sono aumentate del 5,6%, cosa che KSH ha attribuito all&#8217;effetto [&hellip;]<\/p>\n","protected":false},"author":2,"featured_media":713792,"comment_status":"open","ping_status":"open","sticky":false,"template":"","format":"standard","meta":{"_display_image":"","footnotes":""},"categories":[1314],"tags":[1132,1149],"class_list":["post-713791","post","type-post","status-publish","format-standard","has-post-thumbnail","hentry","category-economia-in-ungheria","tag-economia","tag-vendite-al-dettaglio"],"blocksy_meta":[],"author_username":"alk","telegram_post":"","public_post_metadata":{"breaking_news":"","important":"","csempe":"","center_tile":"","disable_thumbnail":"","target_lang":"","_featured_image_style":"","telegram_post":"","_xlat_group_id":""},"public_rank_math_data":{"title":"%titolo% %sep% %nomesito%","description":"","focus_keyword":"vendite al dettaglio Ungheria","canonical_url":"","robots":"","primary_category":"1314","breadcrumb_title":"","facebook_title":"","facebook_description":"","facebook_image":"","facebook_image_id":"","twitter_title":"","twitter_description":"","twitter_image":"","twitter_image_id":"","twitter_card_type":"","twitter_use_facebook":"","advanced_robots":"","pillar_content":"","seo_score":"8","contentai_score":"","rich_snippet":""},"_links":{"self":[{"href":"https:\/\/dailynewshungary.com\/it\/wp-json\/wp\/v2\/posts\/713791","targetHints":{"allow":["GET"]}}],"collection":[{"href":"https:\/\/dailynewshungary.com\/it\/wp-json\/wp\/v2\/posts"}],"about":[{"href":"https:\/\/dailynewshungary.com\/it\/wp-json\/wp\/v2\/types\/post"}],"author":[{"embeddable":true,"href":"https:\/\/dailynewshungary.com\/it\/wp-json\/wp\/v2\/users\/2"}],"replies":[{"embeddable":true,"href":"https:\/\/dailynewshungary.com\/it\/wp-json\/wp\/v2\/comments?post=713791"}],"version-history":[{"count":0,"href":"https:\/\/dailynewshungary.com\/it\/wp-json\/wp\/v2\/posts\/713791\/revisions"}],"wp:featuredmedia":[{"embeddable":true,"href":"https:\/\/dailynewshungary.com\/it\/wp-json\/wp\/v2\/media\/713792"}],"wp:attachment":[{"href":"https:\/\/dailynewshungary.com\/it\/wp-json\/wp\/v2\/media?parent=713791"}],"wp:term":[{"taxonomy":"category","embeddable":true,"href":"https:\/\/dailynewshungary.com\/it\/wp-json\/wp\/v2\/categories?post=713791"},{"taxonomy":"post_tag","embeddable":true,"href":"https:\/\/dailynewshungary.com\/it\/wp-json\/wp\/v2\/tags?post=713791"}],"curies":[{"name":"wp","href":"https:\/\/api.w.org\/{rel}","templated":true}]}}