{"id":713858,"date":"2017-05-02T15:15:52","date_gmt":"2017-05-02T13:15:52","guid":{"rendered":"https:\/\/dailynewshungary.com\/it\/la-consultazione-nazionale-erano-gia-stati-inviati-circa-600mila-questionari\/"},"modified":"2017-05-02T15:15:52","modified_gmt":"2017-05-02T13:15:52","slug":"la-consultazione-nazionale-erano-gia-stati-inviati-circa-600mila-questionari","status":"publish","type":"post","link":"https:\/\/dailynewshungary.com\/it\/la-consultazione-nazionale-erano-gia-stati-inviati-circa-600mila-questionari\/","title":{"rendered":"La Consultazione Nazionale: erano gi\u00e0 stati inviati circa 600mila questionari"},"content":{"rendered":"<p><strong>\u201cLa Consultazione Nazionale non \u00e8 antieuropea, e infatti, \u00e8 spiccatamente europeista ed \u00e8 finalizzata a riformare l&#8217;UE attraverso la tutela di questioni che rientrano in una sfera di competenza nazionale\u201d, ha detto il Ministro di Stato per la Comunicazione del Governo.<\/strong><\/p>\n<p>Nella sua conferenza stampa, Bence Tuzson ha sottolineato che l&#8217;Ungheria \u00e8 sotto \u201cmai vista prima una pressione\u201d, e di conseguenza non c&#8217;\u00e8 mai stato un momento pi\u00f9 importante per il popolo ungherese per difendersi dagli interessi dell&#8217;Ungheria.<\/p>\n<p>Secondo Tuzson, lo strumento migliore per farlo \u00e8 compilare e restituire il questionario di Consultazione Nazionale. \u201cLa politica di un paese pu\u00f2 avere successo solo se ha il sostegno del popolo\u201d, ha affermato il Ministro di Stato.<\/p>\n<p>La questione pi\u00f9 importante sollevata nella Consultazione Nazionale riguarda la politica dell\u2019immigrazione, perch\u00e9 Bruxelles vorrebbe costringere l\u2019Ungheria a consentire agli immigrati clandestini\u201d, ha spiegato, aggiungendo che ci\u00f2 significherebbe che l\u2019attuale pratica di eseguire procedure di immigrazione alla frontiera sarebbe nuovamente essere sostituito da procedure all&#8217;interno del territorio dell&#8217;UE. \u201cQuesto \u00e8 qualcosa che vorremmo evitare a tutti i costi\u201d, ha aggiunto.<\/p>\n<p>Tuzson ha citato la questione dell&#8217;unione energetica, o della tutela dei risultati esistenti della riduzione dei diritti di pubblica utilit\u00e0 da parte dell&#8217;Ungheria, come seconda questione, sottolineando il fatto che Bruxelles vorrebbe lasciare il diritto di determinare i prezzi dell&#8217;energia alla libera concorrenza, o piuttosto fino alle societ\u00e0 energetiche, ma secondo il governo ungherese la soluzione giusta \u00e8 avere un limite massimo per i prezzi dell&#8217;energia. \u201c Bruxelles crea concorrenza in questo settore, non servir\u00e0 gli interessi della gente, perch\u00e9 i prezzi dell&#8217;energia sfonderanno questo tetto\u201d, ha detto.<\/p>\n<p>Inoltre, il governo ungherese insiste anche sul fatto che le attivit\u00e0 ungheresi delle varie organizzazioni di attivisti retribuiti devono essere trasparenti, il che significa che le loro attivit\u00e0 devono essere chiarite al pubblico ungherese e che dovrebbero riferire sui finanziamenti esteri ricevuti al di sopra di un certo importo, ha detto il Ministro di Stato del Gabinetto del Primo Ministro.<\/p>\n<p>\u201cOgni cittadino ungherese ha il diritto di sapere nel cui interesse svolgono le loro attivit\u00e0 gruppi di attivisti e organizzazioni di agenti retribuiti, ha affermato, aggiungendo che nessuno vuole limitare le attivit\u00e0 ungheresi di queste organizzazioni.<\/p>\n<p>Tuzson ha affermato che \u00e8 anche di fondamentale importanza che l&#8217;Ungheria abbia il diritto di continuare a mettere in pratica le proprie politiche in materia di creazione di posti di lavoro, perch\u00e9 uno dei pi\u00f9 grandi risultati ottenuti oggi dall&#8217;Ungheria \u00e8 che \u00e8 riuscita a ridurre la disoccupazione a circa il 4-5%, mentre i salari sono anche sempre pi\u00f9 significativo, aggiungendo che anche \u201cBruxelles ha lanciato un attacco in questo ambito\u201d, ad esempio contro il programma di lavoro pubblico.<\/p>\n<p>Infine, il Ministro aggiunto per le Comunicazioni governative ha affermato che anche la questione della Consultazione nazionale sulla politica fiscale \u00e8 importante, perch\u00e9 a suo avviso se il paese non fosse in grado di determinare il livello delle tasse stesso si troverebbe anche su un binario chiuso per quanto riguarda politica economica. \u201cL&#8217;Ungheria ha scelto una politica di tagli fiscali\u201d, ha sottolineato Tuzson, secondo il quale se Bruxelles attaccasse la politica fiscale dell&#8217;Ungheria, come in precedenza nel caso dell&#8217;IVA inversa, allora potrebbe eventualmente costringere l&#8217;Ungheria a introdurre una politica di aumenti fiscali. \u201cVorremmo continuare una politica di tagli fiscali\u201d, ha sottolineato il Ministro di Stato.<\/p>\n<p>Citando quanto sopra, Tuzson ha invitato tutti a compilare e restituire i questionari della Consultazione Nazionale, e in risposta ad una domanda ha affermato che sono gi\u00e0 stati inviati circa 600mila questionari.<\/p>\n<p>In risposta ad un&#8217;altra domanda, il Ministro di Stato ha affermato che le affermazioni della Commissione europea riguardo alla consultazione nazionale sono quantomeno fuorvianti e che di conseguenza il governo fornir\u00e0 una risposta dettagliata alla lettera della Commissione sull&#8217;argomento.<\/p>\n<p><em>Foto: MTI<\/em><\/p>\n","protected":false},"excerpt":{"rendered":"<p>\u201cLa Consultazione Nazionale non \u00e8 antieuropea, e infatti, \u00e8 spiccatamente europeista ed \u00e8 finalizzata a riformare l&#8217;UE attraverso la tutela di questioni che rientrano in una sfera di competenza nazionale\u201d, ha detto il Ministro di Stato per la Comunicazione del Governo. Nella sua conferenza stampa, Bence Tuzson ha sottolineato che l&#8217;Ungheria \u00e8 sotto \u201cmai vista [&hellip;]<\/p>\n","protected":false},"author":2,"featured_media":713859,"comment_status":"open","ping_status":"open","sticky":false,"template":"","format":"standard","meta":{"_display_image":"","footnotes":""},"categories":[1185],"tags":[1078,1075,1083],"class_list":["post-713858","post","type-post","status-publish","format-standard","has-post-thumbnail","hentry","category-politica-in-ungheria","tag-fidesz","tag-unione-europea","tag-viktor-orban"],"blocksy_meta":[],"author_username":"alk","telegram_post":"","public_post_metadata":{"breaking_news":"","important":"","csempe":"","center_tile":"","disable_thumbnail":"","target_lang":"","_featured_image_style":"","telegram_post":"","_xlat_group_id":""},"public_rank_math_data":{"title":"%titolo% %sep% %nomesito%","description":"","focus_keyword":"consultazione nazionale Orb\u00e1n","canonical_url":"","robots":"","primary_category":"1185","breadcrumb_title":"","facebook_title":"","facebook_description":"","facebook_image":"","facebook_image_id":"","twitter_title":"","twitter_description":"","twitter_image":"","twitter_image_id":"","twitter_card_type":"","twitter_use_facebook":"","advanced_robots":"","pillar_content":"","seo_score":"4","contentai_score":"","rich_snippet":""},"_links":{"self":[{"href":"https:\/\/dailynewshungary.com\/it\/wp-json\/wp\/v2\/posts\/713858","targetHints":{"allow":["GET"]}}],"collection":[{"href":"https:\/\/dailynewshungary.com\/it\/wp-json\/wp\/v2\/posts"}],"about":[{"href":"https:\/\/dailynewshungary.com\/it\/wp-json\/wp\/v2\/types\/post"}],"author":[{"embeddable":true,"href":"https:\/\/dailynewshungary.com\/it\/wp-json\/wp\/v2\/users\/2"}],"replies":[{"embeddable":true,"href":"https:\/\/dailynewshungary.com\/it\/wp-json\/wp\/v2\/comments?post=713858"}],"version-history":[{"count":0,"href":"https:\/\/dailynewshungary.com\/it\/wp-json\/wp\/v2\/posts\/713858\/revisions"}],"wp:featuredmedia":[{"embeddable":true,"href":"https:\/\/dailynewshungary.com\/it\/wp-json\/wp\/v2\/media\/713859"}],"wp:attachment":[{"href":"https:\/\/dailynewshungary.com\/it\/wp-json\/wp\/v2\/media?parent=713858"}],"wp:term":[{"taxonomy":"category","embeddable":true,"href":"https:\/\/dailynewshungary.com\/it\/wp-json\/wp\/v2\/categories?post=713858"},{"taxonomy":"post_tag","embeddable":true,"href":"https:\/\/dailynewshungary.com\/it\/wp-json\/wp\/v2\/tags?post=713858"}],"curies":[{"name":"wp","href":"https:\/\/api.w.org\/{rel}","templated":true}]}}