{"id":713878,"date":"2017-05-01T20:28:25","date_gmt":"2017-05-01T18:28:25","guid":{"rendered":"https:\/\/dailynewshungary.com\/it\/il-ministro-degli-esteri-risponde-alle-critiche-del-commissario-europeo-alla-politica-europea-di-orban\/"},"modified":"2017-05-01T20:28:25","modified_gmt":"2017-05-01T18:28:25","slug":"il-ministro-degli-esteri-risponde-alle-critiche-del-commissario-europeo-alla-politica-europea-di-orban","status":"publish","type":"post","link":"https:\/\/dailynewshungary.com\/it\/il-ministro-degli-esteri-risponde-alle-critiche-del-commissario-europeo-alla-politica-europea-di-orban\/","title":{"rendered":"Il ministro degli Esteri risponde alle critiche del commissario europeo alla politica europea di Orban"},"content":{"rendered":"<p><strong>Budapest, 1\u00b0 maggio (MTI) Il ministro degli Esteri P\u00e9ter Sj\u00e1rt\u00f3 luned\u00ec ha risposto alle recenti critiche del commissario europeo per l&#8217;allargamento Johannes Hahn alla politica europea del primo ministro ungherese Viktor Orb\u00e1n.<\/strong><\/p>\n<p>Hahn ha detto sabato all&#8217;agenzia di stampa austriaca APA che le politiche di Orban hanno mostrato segni di \u201cpopulism\u201d a scapito dei valori europei. Ha detto che il messaggio dell&#8217;incontro del Partito popolare europeo a Bruxelles dello scorso fine settimana \u00e8 stato che Orb\u00e1n ha dovuto \u201ccambiare il suo comportamento\u201d o \u201caffrontare le conseguenze appropriate\u201d. Ha sostenuto che Orb\u00e1n si era impegnato a rafforzare il blocco in un vertice UE a Roma a marzo, ma allo stesso tempo aveva avviato una campagna intitolata \u201cStop Bruxelles!\u201d. Hahn ha detto che queste due mosse erano contraddittorie.<\/p>\n<p>Szijj\u00e1rt\u00f3 ha detto a MTI in reazione alle osservazioni di Hahn che Orb\u00e1n aveva detto sia alla sessione plenaria del Parlamento europeo della scorsa settimana che alla riunione del PPE che l&#8217;Ungheria \u00e8 pronta a negoziare con l&#8217;UE sulle controversie tra s\u00e9 e il blocco. L&#8217;Ungheria, tuttavia, non \u00e8 interessata a osservazioni in modo inattendibile da Bruxelles, ha aggiunto il ministro degli Esteri.<\/p>\n<p>\u201cCi aspettiamo di ottenere il rispetto che gli ungheresi meritano e vorremmo ricordare ai burocrati di Bruxelles che mentre sono preoccupati per il nostro Paese, l&#8217;Ungheria protegge i confini dell&#8217;Unione Europea dall&#8217;immigrazione clandestina, ha detto\u201d Szijj\u00e1rt\u00f3.<\/p>\n<p>Szijj\u00e1rt\u00f3 ha detto che contrariamente alle osservazioni di Hahn, \u201cil governo ungherese \u00e8 pro-European\u201d, cos\u00ec come lo \u00e8 il popolo ungherese L&#8217;Ungheria, tuttavia, \u00e8 interessata a un&#8217;Europa di nazioni forti e si riserva il diritto di esprimere la propria opinione, ha detto il ministro.<\/p>\n<p>L&#8217;UE cos\u00ec com&#8217;\u00e8 ha bisogno di riforme, ha detto Szijj\u00e1rt\u00f3. \u201c\u00c8 sciocco negare questo.\u201d Ha detto che uno dei passi pi\u00f9 importanti verso la riforma del blocco \u00e8 stato quello di rispettare le regole che gli Stati membri dell&#8217;UE avevano approvato insieme Ha citato la protezione dei confini dell&#8217;UE come esempio di tali regole, e ha detto che l&#8217;Ungheria \u00e8 in piena conformit\u00e0 con questo regolamento \u00c8 grazie all&#8217;Ungheria che oggi in Europa entrano meno migranti illegali, ha detto.<\/p>\n<p>L\u2019Ungheria non cambier\u00e0 la sua politica migratoria e non consentir\u00e0 a Bruxelles di assumere pi\u00f9 poteri dagli Stati membri, spingendo cos\u00ec il continente verso l\u2019incertezza, ha detto Szijj\u00e1rt\u00f3.<\/p>\n<p>\u201c\u00c8 tempo di privilegiare i fatti rispetto alle opinioni di Bruxelles e &#8230; che l&#8217;immigrazione clandestina venga trattata come la sfida pi\u00f9 importante, ha affermato il ministro.<\/p>\n","protected":false},"excerpt":{"rendered":"<p>Budapest, 1\u00b0 maggio (MTI) Il ministro degli Esteri P\u00e9ter Sj\u00e1rt\u00f3 luned\u00ec ha risposto alle recenti critiche del commissario europeo per l&#8217;allargamento Johannes Hahn alla politica europea del primo ministro ungherese Viktor Orb\u00e1n. Hahn ha detto sabato all&#8217;agenzia di stampa austriaca APA che le politiche di Orban hanno mostrato segni di \u201cpopulism\u201d a scapito dei valori [&hellip;]<\/p>\n","protected":false},"author":2,"featured_media":713879,"comment_status":"open","ping_status":"open","sticky":false,"template":"","format":"standard","meta":{"_display_image":"","footnotes":""},"categories":[1185],"tags":[1092,1075,1083],"class_list":["post-713878","post","type-post","status-publish","format-standard","has-post-thumbnail","hentry","category-politica-in-ungheria","tag-ministero-degli-affari-esteri-dellungheria","tag-unione-europea","tag-viktor-orban"],"blocksy_meta":[],"author_username":"alk","telegram_post":"","public_post_metadata":{"breaking_news":"","important":"","csempe":"","center_tile":"","disable_thumbnail":"","target_lang":"","_featured_image_style":"","telegram_post":"","_xlat_group_id":""},"public_rank_math_data":{"title":"%titolo% %sep% %nomesito%","description":"","focus_keyword":"Hahn Orb\u00e1n","canonical_url":"","robots":"","primary_category":"1185","breadcrumb_title":"","facebook_title":"","facebook_description":"","facebook_image":"","facebook_image_id":"","twitter_title":"","twitter_description":"","twitter_image":"","twitter_image_id":"","twitter_card_type":"","twitter_use_facebook":"","advanced_robots":"","pillar_content":"","seo_score":"2","contentai_score":"","rich_snippet":""},"_links":{"self":[{"href":"https:\/\/dailynewshungary.com\/it\/wp-json\/wp\/v2\/posts\/713878","targetHints":{"allow":["GET"]}}],"collection":[{"href":"https:\/\/dailynewshungary.com\/it\/wp-json\/wp\/v2\/posts"}],"about":[{"href":"https:\/\/dailynewshungary.com\/it\/wp-json\/wp\/v2\/types\/post"}],"author":[{"embeddable":true,"href":"https:\/\/dailynewshungary.com\/it\/wp-json\/wp\/v2\/users\/2"}],"replies":[{"embeddable":true,"href":"https:\/\/dailynewshungary.com\/it\/wp-json\/wp\/v2\/comments?post=713878"}],"version-history":[{"count":0,"href":"https:\/\/dailynewshungary.com\/it\/wp-json\/wp\/v2\/posts\/713878\/revisions"}],"wp:featuredmedia":[{"embeddable":true,"href":"https:\/\/dailynewshungary.com\/it\/wp-json\/wp\/v2\/media\/713879"}],"wp:attachment":[{"href":"https:\/\/dailynewshungary.com\/it\/wp-json\/wp\/v2\/media?parent=713878"}],"wp:term":[{"taxonomy":"category","embeddable":true,"href":"https:\/\/dailynewshungary.com\/it\/wp-json\/wp\/v2\/categories?post=713878"},{"taxonomy":"post_tag","embeddable":true,"href":"https:\/\/dailynewshungary.com\/it\/wp-json\/wp\/v2\/tags?post=713878"}],"curies":[{"name":"wp","href":"https:\/\/api.w.org\/{rel}","templated":true}]}}