{"id":714115,"date":"2017-04-24T11:30:56","date_gmt":"2017-04-24T09:30:56","guid":{"rendered":"https:\/\/dailynewshungary.com\/it\/le-vendite-al-dettaglio-di-febbraio-sono-aumentate-di-08-pc-in-ungheria\/"},"modified":"2017-04-24T11:30:56","modified_gmt":"2017-04-24T09:30:56","slug":"le-vendite-al-dettaglio-di-febbraio-sono-aumentate-di-08-pc-in-ungheria","status":"publish","type":"post","link":"https:\/\/dailynewshungary.com\/it\/le-vendite-al-dettaglio-di-febbraio-sono-aumentate-di-08-pc-in-ungheria\/","title":{"rendered":"Le vendite al dettaglio di febbraio sono aumentate di 0,8 pc in Ungheria"},"content":{"rendered":"<p><strong>Budapest, 4 aprile (MTI) 2 Le vendite al dettaglio in Ungheria sono aumentate dello 0,8% su base annua a febbraio, ha affermato l&#8217;Ufficio centrale di statistica (KSH) in seconda lettura dei dati pubblicati luned\u00ec.<\/strong><\/p>\n<p>Le vendite al dettaglio sono aumentate dello 0,9% se adeguate agli effetti dell\u2019anno solare.<\/p>\n<p>Le cifre non corrette e rettificate sono state riviste al ribasso rispetto a quelle pubblicate nella prima lettura dei dati del 4 aprile, rispettivamente dall&#8217;1,0% e dall&#8217;1,2%.<\/p>\n<p>Il ritmo di crescita delle vendite al dettaglio \u00e8 rallentato da un 4,8% non corretto e si \u00e8 adeguato del 3,8% a gennaio.<\/p>\n<blockquote>\n<p>Le vendite alimentari rettificate sono rimaste invariate a febbraio, le vendite non alimentari sono aumentate del 3,2% e le vendite di carburante sono aumentate dello 0,7%.<\/p>\n<\/blockquote>\n<p>Il vice segretario di Stato per la strategia industriale e la regolamentazione economica Gyula Pom\u00e1zi ha affermato che l\u2019aumento del salario minimo del 15% per i lavoratori non qualificati e l\u2019aumento del salario minimo del 25% per i lavoratori qualificati quest\u2019anno hanno avuto un impatto positivo sul commercio al dettaglio.<\/p>\n<p>Gli analisti prevedono che il calo della crescita del retail sia temporaneo Gergely Urmossy di Erste Bank ha detto a MTI che il rallentamento \u00e8 stato una sorpresa perch\u00e9 il ritmo veloce degli aumenti salariali e il graduale miglioramento della fiducia dei consumatori hanno suggerito che il fatturato si sarebbe espanso dinamicamente anche quest&#8217;anno, tuttavia, i dati non sono ancora motivo di preoccupazione e potrebbero rivelarsi un temporaneo inconveniente, ha detto.<\/p>\n<p>D\u00e1vid N\u00e9meth di K and H Bank ha detto che la lettura di febbraio \u00e8 stata una delusione In base al tasso dei flussi salariali, sembrava che ci si potesse aspettare un aumento maggiore del fatturato del commercio al dettaglio Ma l&#8217;anno scorso, ha detto che si era verificato un significativo sbiancamento del settore, con un corrispondente impatto sul tasso di fatturato.<\/p>\n","protected":false},"excerpt":{"rendered":"<p>Budapest, 4 aprile (MTI) 2 Le vendite al dettaglio in Ungheria sono aumentate dello 0,8% su base annua a febbraio, ha affermato l&#8217;Ufficio centrale di statistica (KSH) in seconda lettura dei dati pubblicati luned\u00ec. Le vendite al dettaglio sono aumentate dello 0,9% se adeguate agli effetti dell\u2019anno solare. Le cifre non corrette e rettificate sono [&hellip;]<\/p>\n","protected":false},"author":2,"featured_media":714116,"comment_status":"open","ping_status":"open","sticky":false,"template":"","format":"standard","meta":{"_display_image":"","footnotes":""},"categories":[1314],"tags":[1132,1149],"class_list":["post-714115","post","type-post","status-publish","format-standard","has-post-thumbnail","hentry","category-economia-in-ungheria","tag-economia","tag-vendite-al-dettaglio"],"blocksy_meta":[],"author_username":"alk","telegram_post":"","public_post_metadata":{"breaking_news":"","important":"","csempe":"","center_tile":"","disable_thumbnail":"","target_lang":"","_featured_image_style":"","telegram_post":"","_xlat_group_id":""},"public_rank_math_data":{"title":"%titolo% %sep% %nomesito%","description":"","focus_keyword":"vendita al dettaglio","canonical_url":"","robots":"","primary_category":"1314","breadcrumb_title":"","facebook_title":"","facebook_description":"","facebook_image":"","facebook_image_id":"","twitter_title":"","twitter_description":"","twitter_image":"","twitter_image_id":"","twitter_card_type":"","twitter_use_facebook":"","advanced_robots":"","pillar_content":"","seo_score":"62","contentai_score":"","rich_snippet":""},"_links":{"self":[{"href":"https:\/\/dailynewshungary.com\/it\/wp-json\/wp\/v2\/posts\/714115","targetHints":{"allow":["GET"]}}],"collection":[{"href":"https:\/\/dailynewshungary.com\/it\/wp-json\/wp\/v2\/posts"}],"about":[{"href":"https:\/\/dailynewshungary.com\/it\/wp-json\/wp\/v2\/types\/post"}],"author":[{"embeddable":true,"href":"https:\/\/dailynewshungary.com\/it\/wp-json\/wp\/v2\/users\/2"}],"replies":[{"embeddable":true,"href":"https:\/\/dailynewshungary.com\/it\/wp-json\/wp\/v2\/comments?post=714115"}],"version-history":[{"count":0,"href":"https:\/\/dailynewshungary.com\/it\/wp-json\/wp\/v2\/posts\/714115\/revisions"}],"wp:featuredmedia":[{"embeddable":true,"href":"https:\/\/dailynewshungary.com\/it\/wp-json\/wp\/v2\/media\/714116"}],"wp:attachment":[{"href":"https:\/\/dailynewshungary.com\/it\/wp-json\/wp\/v2\/media?parent=714115"}],"wp:term":[{"taxonomy":"category","embeddable":true,"href":"https:\/\/dailynewshungary.com\/it\/wp-json\/wp\/v2\/categories?post=714115"},{"taxonomy":"post_tag","embeddable":true,"href":"https:\/\/dailynewshungary.com\/it\/wp-json\/wp\/v2\/tags?post=714115"}],"curies":[{"name":"wp","href":"https:\/\/api.w.org\/{rel}","templated":true}]}}