{"id":714281,"date":"2017-04-18T13:00:34","date_gmt":"2017-04-18T11:00:34","guid":{"rendered":"https:\/\/dailynewshungary.com\/it\/ministro-degli-esteri-ungherese-confronto-con-la-turchia-e-non-interesse-dellue\/"},"modified":"2017-04-18T13:00:34","modified_gmt":"2017-04-18T11:00:34","slug":"ministro-degli-esteri-ungherese-confronto-con-la-turchia-e-non-interesse-dellue","status":"publish","type":"post","link":"https:\/\/dailynewshungary.com\/it\/ministro-degli-esteri-ungherese-confronto-con-la-turchia-e-non-interesse-dellue\/","title":{"rendered":"Ministro degli Esteri ungherese: confronto con la Turchia e non interesse dell\u2019UE"},"content":{"rendered":"<p><strong>Budapest, 18 aprile (MTI) 1 L&#8217;Unione europea deve evitare tutti i conflitti che minacciano l&#8217;accordo sulla migrazione con la Turchia, ha detto marted\u00ec a MTI il ministro degli Esteri P\u00e9ter Szijj\u00e1rt\u00f3.<\/strong><\/p>\n<p>Riferendosi al referendum domenicale in Turchia che ha autorizzato il presidente in carica Recep Tayyip Erdogan ad espandere notevolmente i poteri presidenziali, Szijj\u00e1rt\u00f3 ha affermato che tutto ci\u00f2 che l&#8217;Ungheria deve fare \u00e8 rispettare l&#8217;esito del voto pubblico\u201d. Rispondendo a una domanda riguardante la notizia turca di un possibile ripristino della pena di morte, ha affermato che tutti i paesi che aspirano all&#8217;integrazione europea dovrebbero sapere che la pena capitale non \u00e8 accettata nell&#8217;UE.<\/p>\n<p>L&#8217;accordo dell&#8217;UE con la Turchia, in base al quale l&#8217;Unione deve pagare 3 miliardi di euro alla Turchia e si aspetta in cambio che il paese fermi il flusso di migranti e rifugiati verso l&#8217;Europa, ha messo la sicurezza dell&#8217;UE nelle mani di Erdogan e del popolo turco, ha detto Szijj\u00e1rt\u00f3 La stabilit\u00e0 e la pace in Turchia sono la massima priorit\u00e0 dell&#8217;UE, ha affermato.<\/p>\n<p>Secondo dati non ufficiali, il referendum si \u00e8 concluso con il 51,34% dei voti favorevoli e il 48,66% contrari alla modifica proposta.<\/p>\n<p><em>Foto: MTI<\/em><\/p>\n","protected":false},"excerpt":{"rendered":"<p>Budapest, 18 aprile (MTI) 1 L&#8217;Unione europea deve evitare tutti i conflitti che minacciano l&#8217;accordo sulla migrazione con la Turchia, ha detto marted\u00ec a MTI il ministro degli Esteri P\u00e9ter Szijj\u00e1rt\u00f3. Riferendosi al referendum domenicale in Turchia che ha autorizzato il presidente in carica Recep Tayyip Erdogan ad espandere notevolmente i poteri presidenziali, Szijj\u00e1rt\u00f3 ha [&hellip;]<\/p>\n","protected":false},"author":2,"featured_media":714282,"comment_status":"open","ping_status":"open","sticky":false,"template":"","format":"standard","meta":{"_display_image":"","footnotes":""},"categories":[1185],"tags":[1092,1086,1075],"class_list":["post-714281","post","type-post","status-publish","format-standard","has-post-thumbnail","hentry","category-politica-in-ungheria","tag-ministero-degli-affari-esteri-dellungheria","tag-turchia","tag-unione-europea"],"blocksy_meta":[],"author_username":"alk","telegram_post":"","public_post_metadata":{"breaking_news":"","important":"","csempe":"","center_tile":"","disable_thumbnail":"","target_lang":"","_featured_image_style":"","telegram_post":"","_xlat_group_id":""},"public_rank_math_data":{"title":"%titolo% %sep% %nomesito%","description":"","focus_keyword":"Turey Eu Ungheria","canonical_url":"","robots":"","primary_category":"1185","breadcrumb_title":"","facebook_title":"","facebook_description":"","facebook_image":"","facebook_image_id":"","twitter_title":"","twitter_description":"","twitter_image":"","twitter_image_id":"","twitter_card_type":"","twitter_use_facebook":"","advanced_robots":"","pillar_content":"","seo_score":"2","contentai_score":"","rich_snippet":""},"_links":{"self":[{"href":"https:\/\/dailynewshungary.com\/it\/wp-json\/wp\/v2\/posts\/714281","targetHints":{"allow":["GET"]}}],"collection":[{"href":"https:\/\/dailynewshungary.com\/it\/wp-json\/wp\/v2\/posts"}],"about":[{"href":"https:\/\/dailynewshungary.com\/it\/wp-json\/wp\/v2\/types\/post"}],"author":[{"embeddable":true,"href":"https:\/\/dailynewshungary.com\/it\/wp-json\/wp\/v2\/users\/2"}],"replies":[{"embeddable":true,"href":"https:\/\/dailynewshungary.com\/it\/wp-json\/wp\/v2\/comments?post=714281"}],"version-history":[{"count":0,"href":"https:\/\/dailynewshungary.com\/it\/wp-json\/wp\/v2\/posts\/714281\/revisions"}],"wp:featuredmedia":[{"embeddable":true,"href":"https:\/\/dailynewshungary.com\/it\/wp-json\/wp\/v2\/media\/714282"}],"wp:attachment":[{"href":"https:\/\/dailynewshungary.com\/it\/wp-json\/wp\/v2\/media?parent=714281"}],"wp:term":[{"taxonomy":"category","embeddable":true,"href":"https:\/\/dailynewshungary.com\/it\/wp-json\/wp\/v2\/categories?post=714281"},{"taxonomy":"post_tag","embeddable":true,"href":"https:\/\/dailynewshungary.com\/it\/wp-json\/wp\/v2\/tags?post=714281"}],"curies":[{"name":"wp","href":"https:\/\/api.w.org\/{rel}","templated":true}]}}