{"id":714921,"date":"2017-03-26T14:42:13","date_gmt":"2017-03-26T12:42:13","guid":{"rendered":"https:\/\/dailynewshungary.com\/it\/orban-al-vertice-ue-ogni-nazione-deve-prendersi-cura-della-propria-sicurezza-e-del-proprio-benessere\/"},"modified":"2017-03-26T14:42:13","modified_gmt":"2017-03-26T12:42:13","slug":"orban-al-vertice-ue-ogni-nazione-deve-prendersi-cura-della-propria-sicurezza-e-del-proprio-benessere","status":"publish","type":"post","link":"https:\/\/dailynewshungary.com\/it\/orban-al-vertice-ue-ogni-nazione-deve-prendersi-cura-della-propria-sicurezza-e-del-proprio-benessere\/","title":{"rendered":"Orb\u00e1n al vertice UE: ogni nazione deve prendersi cura della propria sicurezza e del proprio benessere"},"content":{"rendered":"<p><strong>Budapest (MTI) Sar\u00e0 possibile rimettere a posto l\u2019Europa solo se ogni nazione si occuper\u00e0 della propria sicurezza e del proprio benessere, ha detto sabato a Roma il primo ministro Viktor Orb\u00e1n dopo che i leader degli Stati membri dell\u2019Unione Europea e le sue istituzioni hanno firmato una dichiarazione sul governo del blocco. futuro.<\/strong><\/p>\n<p>\u201cSe vogliamo un&#8217;Ungheria sicura allora dobbiamo fare affidamento su noi stessi e dobbiamo fare la nostra sicurezza, ha detto\u201d Orb\u00e1n, aggiungendo che se anche l&#8217;Ungheria vuole svilupparsi economicamente, allora \u201cdobbiamo fare di pi\u00f9, lavorare bene ed essere competitivi\u201d.<\/p>\n<p>Nelle osservazioni riportate dalla televisione pubblica ungherese, il primo ministro ha affermato che nessuna dichiarazione celebrativa cambier\u00e0 nulla, riferendosi al documento che celebra il 60\u00b0 anniversario del Trattato istitutivo di Roma. \u201cPossiamo essere orgogliosi dell&#8217;Europa solo se possiamo essere orgogliosi dei nostri paesi, ha aggiunto. Orb\u00e1n ha detto che c&#8217;\u00e8 molto di cui essere orgogliosi quando si traccia l&#8217;equilibrio degli ultimi 60 anni in Europa, ma grandi punti interrogativi pendono anche sul blocco. \u201cAbbiamo motivo di sentire che dobbiamo rispondere alle grandi sfide.\u201d<\/p>\n<p>Ha detto che le proposte ungheresi sono state incorporate nel documento e \u201cdal punto di vista degli interessi degli ungheresi, questo \u00e8 un buon documento\u201d. Orb\u00e1n ha fatto riferimento a passaggi sull&#8217;importanza di proteggere i confini dell&#8217;UE e sul fatto che gli stessi Stati membri dovrebbero fornire risposte ai problemi dell&#8217;Europa piuttosto che aspettare che lo facciano le istituzioni di Bruxelles.<\/p>\n<p>Ha sottolineato l&#8217;importanza di adottare misure contro l&#8217;immigrazione clandestina e di contrastare il terrorismo. Inoltre, ha sottolineato l&#8217;impegno a creare posti di lavoro.<\/p>\n<p>\u201cOggi, l&#8217;Ungheria \u00e8 l&#8217;unico paese dell&#8217;Unione Europea che ha preso di mira la piena occupazione, ha detto il primo ministro\u201d, aggiungendo che \u201cit non \u00e8 dai benefici che le persone possono aspettarsi un tenore di vita pi\u00f9 elevato e un&#8217;economia ungherese di successo, ma attraverso i propri luoghi di lavoro.\u201d<\/p>\n<p>Orb\u00e1n ha affermato che il gruppo di paesi di Visegrad \u00e8 completamente unito sulla questione dell&#8217;occupazione: non \u00e8 attraverso l&#8217;immigrazione che i posti di lavoro dovrebbero essere occupati, ma attraverso politiche favorevoli alla famiglia e una societ\u00e0 basata sul lavoro.<\/p>\n<p>Il primo ministro ha detto che ci sono passaggi nella dichiarazione che si discostano da questa linea, ma in termini di regole che governano un&#8217;alleanza di 27 paesi, questo stato di cose era valido in un documento del genere.<\/p>\n<p><a href=\"https:\/\/contentf5.dailynewshungary.com\/wp-content\/uploads\/2017\/03\/D_MTI20170325002.jpg\" data-pswp-width=\"2738\" data-pswp-height=\"1825\" data-cropped=\"true\"><img loading=\"lazy\" decoding=\"async\" class=\"aligncenter size-large wp-image-110636\" src=\"https:\/\/dailynewshungary.com\/wp-content\/uploads\/2017\/03\/D_MTI20170325002-1024x683.jpg\" alt=\"D MTI X\" width=\"1024\" height=\"683\" srcset=\"https:\/\/contentf5.dailynewshungary.com\/wp-content\/uploads\/2017\/03\/D_MTI20170325002-1024x683.jpg 1024w, https:\/\/contentf5.dailynewshungary.com\/wp-content\/uploads\/2017\/03\/D_MTI20170325002-300x200.jpg 300w, https:\/\/contentf5.dailynewshungary.com\/wp-content\/uploads\/2017\/03\/D_MTI20170325002-768x512.jpg 768w, https:\/\/contentf5.dailynewshungary.com\/wp-content\/uploads\/2017\/03\/D_MTI20170325002-220x147.jpg 220w, https:\/\/contentf5.dailynewshungary.com\/wp-content\/uploads\/2017\/03\/D_MTI20170325002-610x407.jpg 610w, https:\/\/contentf5.dailynewshungary.com\/wp-content\/uploads\/2017\/03\/D_MTI20170325002-1080x720.jpg 1080w\" sizes=\"auto, (max-width: 1024px) 100vw, 1024px\"><\/a><\/p>\n<p>Il Partito socialista ha affermato che la maggioranza degli ungheresi \u00e8 favorevole all\u2019UE. L&#8217;eurodeputato socialista Istv\u00e1n Ujhelyi ha affermato in una dichiarazione che chiunque lavori per indebolire il blocco lavora contro la volont\u00e0 e gli interessi del popolo ungherese.<\/p>\n<p>La Coalizione Democratica ha dichiarato in un comunicato di sostenere l&#8217;idea di Stati Uniti d&#8217;Europa. Ferenc Gyurcs\u00e1ny, leader del partito, ha affermato che Orb\u00e1n oggi ha \u201csquirmato alla presenza di leader europei come un Judas\u201d perch\u00e9 invece della democrazia aveva sostenuto l&#8217;illiberalismo, e invece di una stampa libera ha sostenuto la propaganda del partito. Invece della diversit\u00e0 voleva l&#8217;omogeneit\u00e0 etnica e, al posto della concorrenza pulita, ha scelto i suoi compagni di guerra \u201ccorrotti e senza talento, ha aggiunto.<\/p>\n<p>Il leader della LMP Bernadett Sz\u00e9l ha dichiarato in una dichiarazione che la LMP ritiene importante che il governo chiarisca le sue relazioni con l&#8217;UE e che il parlamento riponga fiducia in un&#8217;UE migliore, pi\u00f9 efficace, pi\u00f9 giusta e pi\u00f9 unita.<\/p>\n<p>Il partito Egy\u00fctt ha affermato in un comunicato che Orb\u00e1n rappresenta un tipo di politica ipocrita nei confronti dell&#8217;UE mentre i liberali hanno espresso preoccupazione per il futuro del blocco.<\/p>\n<h4 style=\"text-align: center;\"><a href=\"https:\/\/dailynewshungary.com\/it\/orban-al-vertice-ue-ogni-nazione-deve-prendersi-cura-della-propria-sicurezza-e-del-proprio-benessere\/\" target=\"_blank\" rel=\"noopener noreferrer\">Leggi qui LA DICHIARAZIONE DI ROMA<\/a><\/h4>\n<p><em>Foto: MTI<\/em><\/p>\n","protected":false},"excerpt":{"rendered":"<p>Budapest (MTI) Sar\u00e0 possibile rimettere a posto l\u2019Europa solo se ogni nazione si occuper\u00e0 della propria sicurezza e del proprio benessere, ha detto sabato a Roma il primo ministro Viktor Orb\u00e1n dopo che i leader degli Stati membri dell\u2019Unione Europea e le sue istituzioni hanno firmato una dichiarazione sul governo del blocco. futuro. \u201cSe vogliamo [&hellip;]<\/p>\n","protected":false},"author":2,"featured_media":714922,"comment_status":"open","ping_status":"open","sticky":false,"template":"","format":"standard","meta":{"_display_image":"","footnotes":""},"categories":[1185],"tags":[1267,1075,1083],"class_list":["post-714921","post","type-post","status-publish","format-standard","has-post-thumbnail","hentry","category-politica-in-ungheria","tag-italia","tag-unione-europea","tag-viktor-orban"],"blocksy_meta":[],"author_username":"alk","telegram_post":"","public_post_metadata":{"breaking_news":"","important":"","csempe":"","center_tile":"","disable_thumbnail":"","target_lang":"","_featured_image_style":"","telegram_post":"","_xlat_group_id":""},"public_rank_math_data":{"title":"%titolo% %sep% %nomesito%","description":"","focus_keyword":"Unione europea","canonical_url":"","robots":"","primary_category":"1185","breadcrumb_title":"","facebook_title":"","facebook_description":"","facebook_image":"","facebook_image_id":"","twitter_title":"","twitter_description":"","twitter_image":"","twitter_image_id":"","twitter_card_type":"","twitter_use_facebook":"","advanced_robots":"","pillar_content":"","seo_score":"14","contentai_score":"","rich_snippet":""},"_links":{"self":[{"href":"https:\/\/dailynewshungary.com\/it\/wp-json\/wp\/v2\/posts\/714921","targetHints":{"allow":["GET"]}}],"collection":[{"href":"https:\/\/dailynewshungary.com\/it\/wp-json\/wp\/v2\/posts"}],"about":[{"href":"https:\/\/dailynewshungary.com\/it\/wp-json\/wp\/v2\/types\/post"}],"author":[{"embeddable":true,"href":"https:\/\/dailynewshungary.com\/it\/wp-json\/wp\/v2\/users\/2"}],"replies":[{"embeddable":true,"href":"https:\/\/dailynewshungary.com\/it\/wp-json\/wp\/v2\/comments?post=714921"}],"version-history":[{"count":0,"href":"https:\/\/dailynewshungary.com\/it\/wp-json\/wp\/v2\/posts\/714921\/revisions"}],"wp:featuredmedia":[{"embeddable":true,"href":"https:\/\/dailynewshungary.com\/it\/wp-json\/wp\/v2\/media\/714922"}],"wp:attachment":[{"href":"https:\/\/dailynewshungary.com\/it\/wp-json\/wp\/v2\/media?parent=714921"}],"wp:term":[{"taxonomy":"category","embeddable":true,"href":"https:\/\/dailynewshungary.com\/it\/wp-json\/wp\/v2\/categories?post=714921"},{"taxonomy":"post_tag","embeddable":true,"href":"https:\/\/dailynewshungary.com\/it\/wp-json\/wp\/v2\/tags?post=714921"}],"curies":[{"name":"wp","href":"https:\/\/api.w.org\/{rel}","templated":true}]}}