{"id":715024,"date":"2017-03-22T19:30:48","date_gmt":"2017-03-22T18:30:48","guid":{"rendered":"https:\/\/dailynewshungary.com\/it\/6-curiosita-che-non-sapevi-su-budapest\/"},"modified":"2017-03-22T19:30:48","modified_gmt":"2017-03-22T18:30:48","slug":"6-curiosita-che-non-sapevi-su-budapest","status":"publish","type":"post","link":"https:\/\/dailynewshungary.com\/it\/6-curiosita-che-non-sapevi-su-budapest\/","title":{"rendered":"6 curiosit\u00e0 che non sapevi su Budapest"},"content":{"rendered":"<p><strong><a href=\"http:\/\/bpromantikaja.blog.hu\/2017\/03\/16\/erdekessegek_amit_nem_tudtal_budapestrol\" target=\"_blank\" rel=\"noopener noreferrer\">Secondo bpromantikaja.blog.hu,<\/a> Budapest potrebbe essere facilmente definita la citt\u00e0 dei dischi e delle storie speciali, semplicemente non sappiamo tutti i suoi segreti. Sapevi, ad esempio, che \u00e8 qui che \u00e8 stato inaugurato il primo parco pubblico? Che era Budapest, dove si trovano pi\u00f9 bagni cittadini? Oppure che alcune parti della citt\u00e0 si chiamano Chicago? Continua a leggere per scoprire sei curiosit\u00e0 sulla nostra bellissima capitale.<\/strong><\/p>\n<h4><strong>Il maggior numero di bagni in una grande citt\u00e0<\/strong><\/h4>\n<p>Budapest \u00e8 stata chiamata \u201cla citt\u00e0 dei bagni\u201d per 80 anni, da quando fu scelta come centro eterno della Federazione Internazionale dei Bagni nel 1937. Nessun altro insediamento avrebbe potuto vincere il titolo, poich\u00e9 Budapest \u00e8 l&#8217;unica grande citt\u00e0 al mondo che ha 118 sorgenti e pozzi medici. Inoltre, \u00e8 l&#8217;unica capitale al mondo, dove si possono trovare cinque bagni storici ancora funzionanti. Con un po&#8217; di esagerazione potremmo anche dire che c&#8217;\u00e8 quasi un rilassante bagno termale o spiaggia in ogni quartiere della citt\u00e0.<\/p>\n<p><img loading=\"lazy\" decoding=\"async\" class=\"aligncenter wp-image-103518 size-large\" src=\"https:\/\/dailynewshungary.com\/wp-content\/uploads\/2017\/02\/rudas-1024x464.jpg\" alt=\"Rudas X\" width=\"1024\" height=\"464\" srcset=\"https:\/\/contentf5.dailynewshungary.com\/wp-content\/uploads\/2017\/02\/rudas-1024x464.jpg 1024w, https:\/\/contentf5.dailynewshungary.com\/wp-content\/uploads\/2017\/02\/rudas-300x136.jpg 300w, https:\/\/contentf5.dailynewshungary.com\/wp-content\/uploads\/2017\/02\/rudas-768x348.jpg 768w, https:\/\/contentf5.dailynewshungary.com\/wp-content\/uploads\/2017\/02\/rudas-220x100.jpg 220w, https:\/\/contentf5.dailynewshungary.com\/wp-content\/uploads\/2017\/02\/rudas-610x276.jpg 610w, https:\/\/contentf5.dailynewshungary.com\/wp-content\/uploads\/2017\/02\/rudas-1080x489.jpg 1080w, https:\/\/contentf5.dailynewshungary.com\/wp-content\/uploads\/2017\/02\/rudas.jpg 1500w\" sizes=\"auto, (max-width: 1024px) 100vw, 1024px\"><\/p>\n<h4><strong>Il primo parco pubblico del mondo<\/strong><\/h4>\n<p>La storia dell&#8217;odierno Parco cittadino risale a lunghi secoli fa, in origine, la regione era un luogo paludoso, che fu riempito e piantato con alberi al comando della regina Maria Teresa Le prime passeggiate, che erano abbastanza sorprendentemente aperte a tutti, si formarono alla fine del 18<sup>th<\/sup> secolo. Fu allora che nacque il primo parco pubblico al mondo. Ottenne la sua forma attuale come parte della celebrazione millenaria. Fu allora che furono costruiti il castello Vajdahunyad, la galleria d&#8217;arte e lo zoo di Budapest.<\/p>\n<p><img loading=\"lazy\" decoding=\"async\" class=\"aligncenter wp-image-148160 size-large\" src=\"https:\/\/dailynewshungary.com\/wp-content\/uploads\/2017\/03\/vajdahunyad-architecture-2582553_1280-1024x734.jpg\" alt=\"Vajdahunyad Architecture X\" width=\"1024\" height=\"734\" srcset=\"https:\/\/contentf5.dailynewshungary.com\/wp-content\/uploads\/2017\/03\/vajdahunyad-architecture-2582553_1280-1024x734.jpg 1024w, https:\/\/contentf5.dailynewshungary.com\/wp-content\/uploads\/2017\/03\/vajdahunyad-architecture-2582553_1280-300x215.jpg 300w, https:\/\/contentf5.dailynewshungary.com\/wp-content\/uploads\/2017\/03\/vajdahunyad-architecture-2582553_1280-768x550.jpg 768w, https:\/\/contentf5.dailynewshungary.com\/wp-content\/uploads\/2017\/03\/vajdahunyad-architecture-2582553_1280-220x158.jpg 220w, https:\/\/contentf5.dailynewshungary.com\/wp-content\/uploads\/2017\/03\/vajdahunyad-architecture-2582553_1280-600x430.jpg 600w, https:\/\/contentf5.dailynewshungary.com\/wp-content\/uploads\/2017\/03\/vajdahunyad-architecture-2582553_1280-200x143.jpg 200w, https:\/\/contentf5.dailynewshungary.com\/wp-content\/uploads\/2017\/03\/vajdahunyad-architecture-2582553_1280-1080x774.jpg 1080w, https:\/\/contentf5.dailynewshungary.com\/wp-content\/uploads\/2017\/03\/vajdahunyad-architecture-2582553_1280.jpg 1280w\" sizes=\"auto, (max-width: 1024px) 100vw, 1024px\"><\/p>\n<p>&nbsp;<\/p>\n<h4><strong>Erzs\u00e9betv\u00e1ros (7<sup>th<\/sup> distretto) alias Chicago?<\/strong><\/h4>\n<p>Il soprannome di \u201cChicago\u201d fu dato alla regione esterna di Erzs\u00e9betv\u00e1ros tra il 1896 e il 1898, quando tra due anni fu costruito un quartiere separato tra le strade Rottenbiller, Damjanich e D\u00f3zsa Gy\u00f6rgy come parte della serie di sviluppo della monarchia. L&#8217;incredibile ritmo della costruzione e la disposizione parallela del quartiere ricordavano agli abitanti di Pest Chicago, la super citt\u00e0 dell&#8217;epoca, cos\u00ec iniziarono a riferirsi alla regione esterna della 7<sup>th<\/sup> distretto sotto questo nome.<\/p>\n<p><img loading=\"lazy\" decoding=\"async\" class=\"aligncenter wp-image-109550\" src=\"https:\/\/dailynewshungary.com\/wp-content\/uploads\/2017\/03\/rottenbiller-utca-300x201.jpg\" alt=\"Rottenbiller Utca X\" width=\"1024\" height=\"688\" srcset=\"https:\/\/contentf5.dailynewshungary.com\/wp-content\/uploads\/2017\/03\/rottenbiller-utca-300x201.jpg 300w, https:\/\/contentf5.dailynewshungary.com\/wp-content\/uploads\/2017\/03\/rottenbiller-utca-768x516.jpg 768w, https:\/\/contentf5.dailynewshungary.com\/wp-content\/uploads\/2017\/03\/rottenbiller-utca-220x148.jpg 220w, https:\/\/contentf5.dailynewshungary.com\/wp-content\/uploads\/2017\/03\/rottenbiller-utca-610x410.jpg 610w, https:\/\/contentf5.dailynewshungary.com\/wp-content\/uploads\/2017\/03\/rottenbiller-utca.jpg 983w\" sizes=\"auto, (max-width: 1024px) 100vw, 1024px\"><\/p>\n<h4><strong>Honder Colomb, o come devo chiamarti?<\/strong><\/h4>\n<p>L&#8217;unificazione di Buda, Pest e \u00d3buda sotto un unico nome era uno dei punti pi\u00f9 importanti nel programma di sviluppo della citt\u00e0 di Sz\u00e9chenyi Gli ex padri della nostra patria avevano discussioni piuttosto lunghe sulla denominazione della capitale, perch\u00e9 \u201cla pi\u00f9 grande\u201d ungherese (Istv\u00e1n Sz\u00e9chenyi) non amava il nome &#8216;Pest&#8217; in quanto gli ricordava il significato tedesco (e inglese) di &#8216;pest&#8217; Alcune delle opzioni includevano B\u00e1jkert (Giardino della Grazia), Dunagy\u00f6ngye (Perla del Danubio), Etelv\u00e1r (Castello di Etel), Hunv\u00e1r (Castello di Hun) e Honder avanno (Gelet\u00e0 di Casa), ma Budapest alla fine divenne la vincitrice.<\/p>\n<h4><strong>Tesoro sotterraneo<\/strong><\/h4>\n<p>Sapevi che il sistema di grotte geotermiche pi\u00f9 grande del mondo si trova sotto Budapest? Non devi nemmeno lasciare la citt\u00e0 se desideri un&#8217;avventura in grotta: visita le grotte della Valle del P\u00e1l, della Collina di M\u00e1ty\u00e1s e della Collina di Szemls, che sono a pochi minuti dal centro della citt\u00e0 e offrono esperienze straordinarie.<\/p>\n<p><img loading=\"lazy\" decoding=\"async\" class=\"aligncenter wp-image-101497\" src=\"https:\/\/dailynewshungary.com\/wp-content\/uploads\/2017\/01\/cave-solym\u00e13-300x225.jpg\" alt=\"Cave Solym\u00e1 X\" width=\"1024\" height=\"768\" srcset=\"https:\/\/contentf5.dailynewshungary.com\/wp-content\/uploads\/2017\/01\/cave-solym\u00e13-300x225.jpg 300w, https:\/\/contentf5.dailynewshungary.com\/wp-content\/uploads\/2017\/01\/cave-solym\u00e13-768x576.jpg 768w, https:\/\/contentf5.dailynewshungary.com\/wp-content\/uploads\/2017\/01\/cave-solym\u00e13-220x165.jpg 220w, https:\/\/contentf5.dailynewshungary.com\/wp-content\/uploads\/2017\/01\/cave-solym\u00e13-610x458.jpg 610w, https:\/\/contentf5.dailynewshungary.com\/wp-content\/uploads\/2017\/01\/cave-solym\u00e13.jpg 933w\" sizes=\"auto, (max-width: 1024px) 100vw, 1024px\"><\/p>\n<h4><strong>Acqua calda sotto Piazza degli Eroi<\/strong><\/h4>\n<p>Immagineresti che ci sia un pozzo sotto la Piazza degli Eroi, dove l&#8217;ingegnere minerario Vilmos Zsigmond trov\u00f2 acqua termale esattamente 140 anni fa? l&#8217;acqua di 74\u00b0 Celsius fu portata in superficie da una profondit\u00e0 di oltre 800 metri Un bellissimo edificio fu costruito sopra il pozzo nel 1884, sulla base dei piani di Mikl\u00f3s Ybl, ma fu, sfortunatamente, demolita durante le costruzioni millenarie Oggi solo una semplice piastra di rame segnala l&#8217;un tempo punto del pozzo nella piazza Se sei interessato all&#8217;edificio del pozzo di Gloriette demolito, visita la collina di Sz\u00e9chenyi nel 12<sup>th<\/sup> distretto, dove \u00e8 stato trasferito e dove pu\u00f2 essere visitato come torre di vedetta.<\/p>\n<p><img loading=\"lazy\" decoding=\"async\" class=\"aligncenter wp-image-109549\" src=\"https:\/\/dailynewshungary.com\/wp-content\/uploads\/2017\/03\/gloriette-k\u00fat-300x203.jpg\" alt=\"Gloriette K\u00fat X\" width=\"1024\" height=\"693\" srcset=\"https:\/\/contentf5.dailynewshungary.com\/wp-content\/uploads\/2017\/03\/gloriette-k\u00fat-300x203.jpg 300w, https:\/\/contentf5.dailynewshungary.com\/wp-content\/uploads\/2017\/03\/gloriette-k\u00fat-768x520.jpg 768w, https:\/\/contentf5.dailynewshungary.com\/wp-content\/uploads\/2017\/03\/gloriette-k\u00fat-220x149.jpg 220w, https:\/\/contentf5.dailynewshungary.com\/wp-content\/uploads\/2017\/03\/gloriette-k\u00fat-610x413.jpg 610w, https:\/\/contentf5.dailynewshungary.com\/wp-content\/uploads\/2017\/03\/gloriette-k\u00fat.jpg 975w\" sizes=\"auto, (max-width: 1024px) 100vw, 1024px\"><\/p>\n<p><em>Foto: www.facebook.com\/BudapestGyogyfurdoi, www.fortepan.hu\/BudapestF\u0151v\u00e1rosLev\u00e9lt\u00e1ra, www.barlangtura.hu<\/em><\/p>\n<p>Ce: bm<\/p>\n","protected":false},"excerpt":{"rendered":"<p>Secondo bpromantikaja.blog.hu, Budapest potrebbe essere facilmente definita la citt\u00e0 dei dischi e delle storie speciali, semplicemente non sappiamo tutti i suoi segreti. Sapevi, ad esempio, che \u00e8 qui che \u00e8 stato inaugurato il primo parco pubblico? Che era Budapest, dove si trovano pi\u00f9 bagni cittadini? Oppure che alcune parti della citt\u00e0 si chiamano Chicago? Continua [&hellip;]<\/p>\n","protected":false},"author":7,"featured_media":715025,"comment_status":"open","ping_status":"open","sticky":false,"template":"","format":"standard","meta":{"_display_image":"","footnotes":""},"categories":[1344],"tags":[1158,1401,1223],"class_list":["post-715024","post","type-post","status-publish","format-standard","has-post-thumbnail","hentry","category-speciale-ungheria","tag-budapest","tag-lista","tag-storia"],"blocksy_meta":[],"author_username":"Szandi","telegram_post":"","public_post_metadata":{"breaking_news":"","important":"","csempe":"","center_tile":"","disable_thumbnail":"","target_lang":"","_featured_image_style":"","telegram_post":"","_xlat_group_id":""},"public_rank_math_data":{"title":"%titolo% %sep% %nomesito%","description":"","focus_keyword":"curiosit\u00e0","canonical_url":"","robots":"","primary_category":"1344","breadcrumb_title":"","facebook_title":"","facebook_description":"","facebook_image":"","facebook_image_id":"","twitter_title":"","twitter_description":"","twitter_image":"","twitter_image_id":"","twitter_card_type":"","twitter_use_facebook":"","advanced_robots":"","pillar_content":"","seo_score":"18","contentai_score":"","rich_snippet":""},"_links":{"self":[{"href":"https:\/\/dailynewshungary.com\/it\/wp-json\/wp\/v2\/posts\/715024","targetHints":{"allow":["GET"]}}],"collection":[{"href":"https:\/\/dailynewshungary.com\/it\/wp-json\/wp\/v2\/posts"}],"about":[{"href":"https:\/\/dailynewshungary.com\/it\/wp-json\/wp\/v2\/types\/post"}],"author":[{"embeddable":true,"href":"https:\/\/dailynewshungary.com\/it\/wp-json\/wp\/v2\/users\/7"}],"replies":[{"embeddable":true,"href":"https:\/\/dailynewshungary.com\/it\/wp-json\/wp\/v2\/comments?post=715024"}],"version-history":[{"count":0,"href":"https:\/\/dailynewshungary.com\/it\/wp-json\/wp\/v2\/posts\/715024\/revisions"}],"wp:featuredmedia":[{"embeddable":true,"href":"https:\/\/dailynewshungary.com\/it\/wp-json\/wp\/v2\/media\/715025"}],"wp:attachment":[{"href":"https:\/\/dailynewshungary.com\/it\/wp-json\/wp\/v2\/media?parent=715024"}],"wp:term":[{"taxonomy":"category","embeddable":true,"href":"https:\/\/dailynewshungary.com\/it\/wp-json\/wp\/v2\/categories?post=715024"},{"taxonomy":"post_tag","embeddable":true,"href":"https:\/\/dailynewshungary.com\/it\/wp-json\/wp\/v2\/tags?post=715024"}],"curies":[{"name":"wp","href":"https:\/\/api.w.org\/{rel}","templated":true}]}}