{"id":716494,"date":"2017-01-28T21:31:50","date_gmt":"2017-01-28T20:31:50","guid":{"rendered":"https:\/\/dailynewshungary.com\/it\/vona-raduni-jobbik-fotos\/"},"modified":"2017-01-28T21:31:50","modified_gmt":"2017-01-28T20:31:50","slug":"vona-raduni-jobbik-fotos","status":"publish","type":"post","link":"https:\/\/dailynewshungary.com\/it\/vona-raduni-jobbik-fotos\/","title":{"rendered":"Vona raduni Jobbik Fotos"},"content":{"rendered":"<p><strong>Budapest, 2 gennaio (MTI) 2 Il leader del partito Jobbik dell&#8217;opposizione, in un discorso programmatico sabato, ha promesso di servire gli ungheresi come capo di un partito popolare con il grido di battaglia \u201cNessun governante o proprietario terriero tranne l&#8217;Ungheria per gli ungheresi\u201d.<\/strong><\/p>\n<p>Rivolgendosi a circa 2.000 persone, tra cui eurodeputati, diplomatici, membri del partito e membri dell&#8217;\u00daj Magyar G\u00e1rda e del Movimento di autodifesa ungherese, Vona ha dichiarato che l&#8217;Ungheria \u00e8 divisa da \u201cpiccoli giochi politici\u201d e \u201csuffocating\u201d in \u201ca smog\u201d politica.<\/p>\n<p> Foto: MTI<\/p>\n<p>L\u2019Ungheria, ha insistito, avrebbe avuto successo se avesse costruito ponti con persone di diverse abitudini, caratteri e visioni del mondo, con l\u2019obiettivo finale di creare libert\u00e0 e sicurezza opponendosi ai \u201cgovernanti e ai proprietari terrieri\u201d.<\/p>\n<p>Vona ha detto che il governo di Ferenc Gyurcs\u00e1ny ha messo il paese a disposizione degli stranieri, mentre un cerchio attorno a Viktor Orb\u00e1n, l&#8217;attuale primo ministro, ora determina il destino del paese. Al contrario, Vona ha detto che voleva un partito di \u201c del popolo\u201d.<\/p>\n<p>Ha avvertito che le difficolt\u00e0 che Jobbik aveva affrontato negli ultimi 14 anni erano \u201cniente rispetto a quanto ci si pu\u00f2 aspettare nei prossimi uno o un anno e mezzo\u201d Il leader di Jobbik ha insistito sul fatto che le forze erano determinate a \u201cdecimare completamente il partito.<\/p>\n<p>Disse al suo pubblico che il partito, lungi dall&#8217;essersi allontanato ulteriormente dai suoi principi fondanti, era in realt\u00e0 molto pi\u00f9 vicino a loro, dato che ora si sforzava di rappresentare l&#8217;intera nazione Vona aggiunse che i termini \u201cleft\u201d e \u201cright\u201d non avevano pi\u00f9 valuta Piuttosto, ogni ungherese era importante per lui.<\/p>\n<p>Vona ha detto che la governance da parte di un partito popolare significa aderire ai principi di \u201clibert\u00e0, sicurezza e servizio\u201d La libert\u00e0 richiede una politica estera attiva, coraggiosa ma sobria e una politica per le comunit\u00e0 ungheresi all&#8217;estero, ha detto Compiti includono fermare la migrazione e la creazione di una guardia di frontiera, ha aggiunto La sicurezza richiede salari dignitosi, assistenza sanitaria e istruzione Piuttosto che rubare fondi per lo sviluppo, deve essere creato un sistema di sicurezza sociale equo, ha detto.<\/p>\n<div id=\"gallery-5\" class=\"gallery galleryid-102319 gallery-columns-3 gallery-size-large\">\n<figure class=\"gallery-item\">\n<div class=\"gallery-icon landscape\">\n\t\t\t\t<a href=\"https:\/\/dailynewshungary.com\/it\/vona-raduni-jobbik-fotos\/\"><img loading=\"lazy\" decoding=\"async\" width=\"1024\" height=\"683\" src=\"https:\/\/contentf5.dailynewshungary.com\/wp-content\/uploads\/2017\/01\/DSZZS20170128001-1024x683.jpg\" class=\"attachment-large size-large\" alt=\"DSZZS X\" aria-describedby=\"gallery-5-102326\" srcset=\"https:\/\/contentf5.dailynewshungary.com\/wp-content\/uploads\/2017\/01\/DSZZS20170128001-1024x683.jpg 1024w, https:\/\/contentf5.dailynewshungary.com\/wp-content\/uploads\/2017\/01\/DSZZS20170128001-300x200.jpg 300w, https:\/\/contentf5.dailynewshungary.com\/wp-content\/uploads\/2017\/01\/DSZZS20170128001-768x512.jpg 768w, https:\/\/contentf5.dailynewshungary.com\/wp-content\/uploads\/2017\/01\/DSZZS20170128001-220x147.jpg 220w, https:\/\/contentf5.dailynewshungary.com\/wp-content\/uploads\/2017\/01\/DSZZS20170128001-610x407.jpg 610w, https:\/\/contentf5.dailynewshungary.com\/wp-content\/uploads\/2017\/01\/DSZZS20170128001-1080x720.jpg 1080w\" sizes=\"auto, (max-width: 1024px) 100vw, 1024px\"><\/a>\n\t\t\t<\/div><figcaption class=\"wp-caption-text gallery-caption\" id=\"gallery-5-102326\">\n\t\t\t\tFoto: MTI<br \/>\n\t\t\t\t<\/figcaption><\/figure>\n<figure class=\"gallery-item\">\n<div class=\"gallery-icon landscape\">\n\t\t\t\t<a href=\"https:\/\/dailynewshungary.com\/it\/vona-raduni-jobbik-fotos\/\"><img loading=\"lazy\" decoding=\"async\" width=\"1024\" height=\"683\" src=\"https:\/\/contentf5.dailynewshungary.com\/wp-content\/uploads\/2017\/01\/bb_l2716-1024x683.jpg\" class=\"attachment-large size-large\" alt=\"Vona\" aria-describedby=\"gallery-5-102323\" srcset=\"https:\/\/contentf5.dailynewshungary.com\/wp-content\/uploads\/2017\/01\/bb_l2716-1024x683.jpg 1024w, https:\/\/contentf5.dailynewshungary.com\/wp-content\/uploads\/2017\/01\/bb_l2716-300x200.jpg 300w, https:\/\/contentf5.dailynewshungary.com\/wp-content\/uploads\/2017\/01\/bb_l2716-768x512.jpg 768w, https:\/\/contentf5.dailynewshungary.com\/wp-content\/uploads\/2017\/01\/bb_l2716-220x147.jpg 220w, https:\/\/contentf5.dailynewshungary.com\/wp-content\/uploads\/2017\/01\/bb_l2716-610x407.jpg 610w, https:\/\/contentf5.dailynewshungary.com\/wp-content\/uploads\/2017\/01\/bb_l2716-1080x720.jpg 1080w\" sizes=\"auto, (max-width: 1024px) 100vw, 1024px\"><\/a>\n\t\t\t<\/div><figcaption class=\"wp-caption-text gallery-caption\" id=\"gallery-5-102323\">\n\t\t\t\tIl congresso del partito di Jobbik. Foto: Bal\u00e1zs B\u00e9li<br \/>\n\t\t\t\t<\/figcaption><\/figure>\n<figure class=\"gallery-item\">\n<div class=\"gallery-icon landscape\">\n\t\t\t\t<a href=\"https:\/\/dailynewshungary.com\/it\/vona-raduni-jobbik-fotos\/\"><img loading=\"lazy\" decoding=\"async\" width=\"1024\" height=\"683\" src=\"https:\/\/contentf5.dailynewshungary.com\/wp-content\/uploads\/2017\/01\/bb_l2455_1-1024x683.jpg\" class=\"attachment-large size-large\" alt=\"Bb L X\" aria-describedby=\"gallery-5-102324\" srcset=\"https:\/\/contentf5.dailynewshungary.com\/wp-content\/uploads\/2017\/01\/bb_l2455_1-1024x683.jpg 1024w, https:\/\/contentf5.dailynewshungary.com\/wp-content\/uploads\/2017\/01\/bb_l2455_1-300x200.jpg 300w, https:\/\/contentf5.dailynewshungary.com\/wp-content\/uploads\/2017\/01\/bb_l2455_1-768x512.jpg 768w, https:\/\/contentf5.dailynewshungary.com\/wp-content\/uploads\/2017\/01\/bb_l2455_1-220x147.jpg 220w, https:\/\/contentf5.dailynewshungary.com\/wp-content\/uploads\/2017\/01\/bb_l2455_1-610x407.jpg 610w, https:\/\/contentf5.dailynewshungary.com\/wp-content\/uploads\/2017\/01\/bb_l2455_1-1080x720.jpg 1080w\" sizes=\"auto, (max-width: 1024px) 100vw, 1024px\"><\/a>\n\t\t\t<\/div><figcaption class=\"wp-caption-text gallery-caption\" id=\"gallery-5-102324\">\n\t\t\t\tFoto: Bal\u00e1zs B\u00e9li<br \/>\n\t\t\t\t<\/figcaption><\/figure>\n<figure class=\"gallery-item\">\n<div class=\"gallery-icon landscape\">\n\t\t\t\t<a href=\"https:\/\/dailynewshungary.com\/it\/vona-raduni-jobbik-fotos\/\"><img loading=\"lazy\" decoding=\"async\" width=\"1024\" height=\"683\" src=\"https:\/\/contentf5.dailynewshungary.com\/wp-content\/uploads\/2017\/01\/bb_l3133-1024x683.jpg\" class=\"attachment-large size-large\" alt=\"Bb L X\" aria-describedby=\"gallery-5-102321\" srcset=\"https:\/\/contentf5.dailynewshungary.com\/wp-content\/uploads\/2017\/01\/bb_l3133-1024x683.jpg 1024w, https:\/\/contentf5.dailynewshungary.com\/wp-content\/uploads\/2017\/01\/bb_l3133-300x200.jpg 300w, https:\/\/contentf5.dailynewshungary.com\/wp-content\/uploads\/2017\/01\/bb_l3133-768x512.jpg 768w, https:\/\/contentf5.dailynewshungary.com\/wp-content\/uploads\/2017\/01\/bb_l3133-220x147.jpg 220w, https:\/\/contentf5.dailynewshungary.com\/wp-content\/uploads\/2017\/01\/bb_l3133-610x407.jpg 610w, https:\/\/contentf5.dailynewshungary.com\/wp-content\/uploads\/2017\/01\/bb_l3133-1080x720.jpg 1080w, https:\/\/contentf5.dailynewshungary.com\/wp-content\/uploads\/2017\/01\/bb_l3133.jpg 1200w\" sizes=\"auto, (max-width: 1024px) 100vw, 1024px\"><\/a>\n\t\t\t<\/div><figcaption class=\"wp-caption-text gallery-caption\" id=\"gallery-5-102321\">\n\t\t\t\tFoto: Bal\u00e1zs B\u00e9li<br \/>\n\t\t\t\t<\/figcaption><\/figure>\n<figure class=\"gallery-item\">\n<div class=\"gallery-icon landscape\">\n\t\t\t\t<a href=\"https:\/\/dailynewshungary.com\/it\/vona-raduni-jobbik-fotos\/\"><img loading=\"lazy\" decoding=\"async\" width=\"1024\" height=\"683\" src=\"https:\/\/contentf5.dailynewshungary.com\/wp-content\/uploads\/2017\/01\/bb_l3078-1024x683.jpg\" class=\"attachment-large size-large\" alt=\"Bb L X\" aria-describedby=\"gallery-5-102322\" srcset=\"https:\/\/contentf5.dailynewshungary.com\/wp-content\/uploads\/2017\/01\/bb_l3078-1024x683.jpg 1024w, https:\/\/contentf5.dailynewshungary.com\/wp-content\/uploads\/2017\/01\/bb_l3078-300x200.jpg 300w, https:\/\/contentf5.dailynewshungary.com\/wp-content\/uploads\/2017\/01\/bb_l3078-768x512.jpg 768w, https:\/\/contentf5.dailynewshungary.com\/wp-content\/uploads\/2017\/01\/bb_l3078-220x147.jpg 220w, https:\/\/contentf5.dailynewshungary.com\/wp-content\/uploads\/2017\/01\/bb_l3078-610x407.jpg 610w, https:\/\/contentf5.dailynewshungary.com\/wp-content\/uploads\/2017\/01\/bb_l3078-1080x720.jpg 1080w\" sizes=\"auto, (max-width: 1024px) 100vw, 1024px\"><\/a>\n\t\t\t<\/div><figcaption class=\"wp-caption-text gallery-caption\" id=\"gallery-5-102322\">\n\t\t\t\tFoto: Bal\u00e1zs B\u00e9li<br \/>\n\t\t\t\t<\/figcaption><\/figure>\n<figure class=\"gallery-item\">\n<div class=\"gallery-icon landscape\">\n\t\t\t\t<a href=\"https:\/\/dailynewshungary.com\/it\/vona-raduni-jobbik-fotos\/\"><img loading=\"lazy\" decoding=\"async\" width=\"1024\" height=\"683\" src=\"https:\/\/contentf5.dailynewshungary.com\/wp-content\/uploads\/2017\/01\/bb_l3368-1024x683.jpg\" class=\"attachment-large size-large\" alt=\"Bb L X\" aria-describedby=\"gallery-5-102320\" srcset=\"https:\/\/contentf5.dailynewshungary.com\/wp-content\/uploads\/2017\/01\/bb_l3368-1024x683.jpg 1024w, https:\/\/contentf5.dailynewshungary.com\/wp-content\/uploads\/2017\/01\/bb_l3368-300x200.jpg 300w, https:\/\/contentf5.dailynewshungary.com\/wp-content\/uploads\/2017\/01\/bb_l3368-768x512.jpg 768w, https:\/\/contentf5.dailynewshungary.com\/wp-content\/uploads\/2017\/01\/bb_l3368-220x147.jpg 220w, https:\/\/contentf5.dailynewshungary.com\/wp-content\/uploads\/2017\/01\/bb_l3368-610x407.jpg 610w, https:\/\/contentf5.dailynewshungary.com\/wp-content\/uploads\/2017\/01\/bb_l3368-1080x720.jpg 1080w\" sizes=\"auto, (max-width: 1024px) 100vw, 1024px\"><\/a>\n\t\t\t<\/div><figcaption class=\"wp-caption-text gallery-caption\" id=\"gallery-5-102320\">\n\t\t\t\tFoto: Bal\u00e1zs B\u00e9li<br \/>\n\t\t\t\t<\/figcaption><\/figure>\n<\/p><\/div>\n<p>Promettendo una nuova era di riforma, G\u00e1bor Vona, che ha tirato il suo partito verso il centro politico, ha dovuto affrontare prima dell&#8217;evento una manifestazione di attivisti che appartengono al fuorilegge \u00daj Magyar G\u00e1rda, un gruppo patriottico alleato di Jobbik. Le diverse decine di attivisti che protestano contro la nuova direzione moderata.<\/p>\n<p><em>Foto: Bal\u00e1zs B\u00e9li<\/em><\/p>\n","protected":false},"excerpt":{"rendered":"<p>Budapest, 2 gennaio (MTI) 2 Il leader del partito Jobbik dell&#8217;opposizione, in un discorso programmatico sabato, ha promesso di servire gli ungheresi come capo di un partito popolare con il grido di battaglia \u201cNessun governante o proprietario terriero tranne l&#8217;Ungheria per gli ungheresi\u201d. Rivolgendosi a circa 2.000 persone, tra cui eurodeputati, diplomatici, membri del partito [&hellip;]<\/p>\n","protected":false},"author":2,"featured_media":716495,"comment_status":"open","ping_status":"open","sticky":false,"template":"","format":"standard","meta":{"_display_image":"","footnotes":""},"categories":[1185],"tags":[1433,1960,1412,1083],"class_list":["post-716494","post","type-post","status-publish","format-standard","has-post-thumbnail","hentry","category-politica-in-ungheria","tag-corruzione","tag-elezioni-2018","tag-jobbik","tag-viktor-orban"],"blocksy_meta":[],"author_username":"alk","telegram_post":"","public_post_metadata":{"breaking_news":"","important":"","csempe":"","center_tile":"","disable_thumbnail":"","target_lang":"","_featured_image_style":"","telegram_post":"","_xlat_group_id":""},"public_rank_math_data":{"title":"%titolo% %sep% %nomesito%","description":"","focus_keyword":"Jobbik","canonical_url":"","robots":"","primary_category":"1185","breadcrumb_title":"","facebook_title":"","facebook_description":"","facebook_image":"","facebook_image_id":"","twitter_title":"","twitter_description":"","twitter_image":"","twitter_image_id":"","twitter_card_type":"","twitter_use_facebook":"","advanced_robots":"","pillar_content":"","seo_score":"63","contentai_score":"","rich_snippet":""},"_links":{"self":[{"href":"https:\/\/dailynewshungary.com\/it\/wp-json\/wp\/v2\/posts\/716494","targetHints":{"allow":["GET"]}}],"collection":[{"href":"https:\/\/dailynewshungary.com\/it\/wp-json\/wp\/v2\/posts"}],"about":[{"href":"https:\/\/dailynewshungary.com\/it\/wp-json\/wp\/v2\/types\/post"}],"author":[{"embeddable":true,"href":"https:\/\/dailynewshungary.com\/it\/wp-json\/wp\/v2\/users\/2"}],"replies":[{"embeddable":true,"href":"https:\/\/dailynewshungary.com\/it\/wp-json\/wp\/v2\/comments?post=716494"}],"version-history":[{"count":0,"href":"https:\/\/dailynewshungary.com\/it\/wp-json\/wp\/v2\/posts\/716494\/revisions"}],"wp:featuredmedia":[{"embeddable":true,"href":"https:\/\/dailynewshungary.com\/it\/wp-json\/wp\/v2\/media\/716495"}],"wp:attachment":[{"href":"https:\/\/dailynewshungary.com\/it\/wp-json\/wp\/v2\/media?parent=716494"}],"wp:term":[{"taxonomy":"category","embeddable":true,"href":"https:\/\/dailynewshungary.com\/it\/wp-json\/wp\/v2\/categories?post=716494"},{"taxonomy":"post_tag","embeddable":true,"href":"https:\/\/dailynewshungary.com\/it\/wp-json\/wp\/v2\/tags?post=716494"}],"curies":[{"name":"wp","href":"https:\/\/api.w.org\/{rel}","templated":true}]}}