{"id":716549,"date":"2017-01-26T17:15:00","date_gmt":"2017-01-26T16:15:00","guid":{"rendered":"https:\/\/dailynewshungary.com\/it\/orban-la-nuova-era-bussa-alla-porta-delleuropa\/"},"modified":"2017-01-26T17:15:00","modified_gmt":"2017-01-26T16:15:00","slug":"orban-la-nuova-era-bussa-alla-porta-delleuropa","status":"publish","type":"post","link":"https:\/\/dailynewshungary.com\/it\/orban-la-nuova-era-bussa-alla-porta-delleuropa\/","title":{"rendered":"Orb\u00e1n: La nuova era \u201cbussa alla porta dell\u2019Europa\u201d"},"content":{"rendered":"<p><strong>Bruxelles, 6 gennaio (MTI) 2 Invece di societ\u00e0 aperte, le persone vogliono societ\u00e0 democratiche nella nuova era che \u00e8 una\u201cbussare alla porta dell&#8217;Europa, ha detto il primo ministro Viktor Orb\u00e1n in un evento organizzato dal Centro di conoscenza Antall J\u00f3zsef e dalla Fondazione Konrad Adenauer a Bruxelles gioved\u00ec.<\/strong><\/p>\n<p>&nbsp;<\/p>\n<p>Orb\u00e1n ha affermato che la questione principale \u00e8 fino a che punto l\u2019Europa e l\u2019Unione Europea siano pronte ad adattarsi a questa nuova era.<\/p>\n<p>Invece di societ\u00e0 aperte, le persone vogliono societ\u00e0 democratiche nella nuova era che \u00e8 l&#8217;\u201cbussare alla porta d&#8217;Europa, ha detto.<\/p>\n<p>\u201cLe cose vanno male a Bruxelles e nella direzione sbagliata, ha insistito\u201d Orb\u00e1n, Ha detto che solo 20 anni fa l&#8217;Europa aveva obiettivi ambiziosi ma nessuno di questi obiettivi \u00e8 stato raggiunto. Ha menzionato, ad esempio, i piani per creare uno spazio economico europeo-asiatico e per istituire una politica di sicurezza europea indipendente, aggiungendo che entrambi questi schemi erano falliti.<\/p>\n<p>\u201cIl principio numero uno in politica \u00e8 tutto ci\u00f2 che esiste \u00e8 possibile,\u201d ha detto. \u201cPurtroppo molti leader in Europa non accettano questo fatto,\u201d ha detto Invece di imparare dai successi economici della Cina e di altri paesi asiatici, l&#8217;Europa sta cercando di convincersi che \u201cci\u00f2 che esiste in Cina e in Asia non \u00e8 realmente l\u00ec, o \u00e8 temporaneo e manca di fondamenti.\u201d<\/p>\n<p>\u00c8 tempo di prendere sul serio il nuovo presidente degli Stati Uniti, ha detto Orb\u00e1n. La Gran Bretagna ha deciso l&#8217;anno scorso di lasciare l&#8217;Unione Europea e la pi\u00f9 grande potenza militare del mondo ha eletto un nuovo presidente, eppure sono stati fatti sforzi per cercare di convincere il pubblico che le cose non sono come sono in realt\u00e0.<\/p>\n<p>Donald Trump ha affermato in modo storico che \u00e8 un diritto di ogni paese mettersi al primo posto, ha affermato Orb\u00e1n. Il cambiamento, ha aggiunto, avverr\u00e0 presto e l\u2019era del multilateralismo finir\u00e0.<\/p>\n<p>Dopo la crisi economica del 2008, ha avuto luogo un cambiamento di paradigma nella politica mondiale, ha detto Orb\u00e1n. Mentre il mondo era stato unipolare, ora sta diventando multipolare. Questo cambiamento non ha precedenti e non c\u2019\u00e8 consenso su come sar\u00e0 la nuova struttura politica globale, ha detto.<\/p>\n<p>Bisogna fare i preparativi per un mondo multipolare, ha detto nel suo discorso intitolato Europa nel 2017. \u201cNon esiste un unico modello di salvezza, ha detto\u201d, sostenendo che invece di accordi multilaterali le relazioni bilaterali riceverebbero maggiore enfasi.<\/p>\n<p>L\u2019Europa \u00e8 colpita da una crisi di competitivit\u00e0, demografica, sicurezza e politica estera, ha affermato Orb\u00e1n.<\/p>\n<p>Per quanto riguarda l&#8217;aspetto di politica estera della crisi, l&#8217;Europa \u00e8 a malapena in grado di influenzare gli eventi che si svolgono nella regione, ha detto Orb\u00e1n, notando i conflitti in Siria e Ucraina.<\/p>\n<p>Orb\u00e1n ha insistito sul fatto che la crescita economica dell&#8217;Europa non superer\u00e0 l&#8217;1-2% nei prossimi anni.<\/p>\n<p>Ha detto che un tempo l&#8217;Europa era rilevante a livello globale prima di diventare una potenza regionale.<\/p>\n<p>\u201cL&#8217;Europa perder\u00e0 il suo status di attore globale e diventer\u00e0 un attore regionale, e presto lotter\u00e0 per rimanere una potenza regionale, ha affermato\u201d Orb\u00e1n.<\/p>\n<p>Il primo ministro ha affermato che l\u2019Europa sta concentrando le sue forze su obiettivi sbagliati, sostenendo che non \u00e8 riuscita a realizzare nessuno dei suoi piani ed \u00e8 diventata una \u201cslave\u201d all\u2019idea \u201cUtopian\u201d di un\u2019Europa \u201csupranational\u201d.<\/p>\n<p>Ha detto che non esiste un unico popolo europeo, ma solo popoli europei, aggiungendo che l\u2019Europa \u00e8 stata forte solo quando aveva forti centri di potere multipli.<\/p>\n<p>L\u2019Europa ha bisogno di maggiore fiducia in se stessa, ha affermato Orb\u00e1n. L\u2019Europa deve affermare di essere in grado di proteggersi senza aiuti esterni, ha affermato, aggiungendo che un\u2019alleanza di difesa europea congiunta consentirebbe all\u2019Europa di negoziare con tutti, compresa la Russia, come partner alla pari.<\/p>\n<p>Ha sollecitato un nuovo accordo con gli Stati Uniti per sostituire i colloqui commerciali in fase di stallo. Inoltre, \u00e8 necessario trovare opportunit\u00e0 per concludere un accordo con la Cina e la questione della Russia dovrebbe essere rimessa all\u2019ordine del giorno, ha aggiunto.<\/p>\n<p><em>Foto: MTI<\/em><\/p>\n","protected":false},"excerpt":{"rendered":"<p>Bruxelles, 6 gennaio (MTI) 2 Invece di societ\u00e0 aperte, le persone vogliono societ\u00e0 democratiche nella nuova era che \u00e8 una\u201cbussare alla porta dell&#8217;Europa, ha detto il primo ministro Viktor Orb\u00e1n in un evento organizzato dal Centro di conoscenza Antall J\u00f3zsef e dalla Fondazione Konrad Adenauer a Bruxelles gioved\u00ec. &nbsp; Orb\u00e1n ha affermato che la questione [&hellip;]<\/p>\n","protected":false},"author":7,"featured_media":716550,"comment_status":"open","ping_status":"open","sticky":false,"template":"","format":"standard","meta":{"_display_image":"","footnotes":""},"categories":[1185],"tags":[1132,1075,1083],"class_list":["post-716549","post","type-post","status-publish","format-standard","has-post-thumbnail","hentry","category-politica-in-ungheria","tag-economia","tag-unione-europea","tag-viktor-orban"],"blocksy_meta":[],"author_username":"Szandi","telegram_post":"","public_post_metadata":{"breaking_news":"","important":"","csempe":"","center_tile":"","disable_thumbnail":"","target_lang":"","_featured_image_style":"","telegram_post":"","_xlat_group_id":""},"public_rank_math_data":{"title":"%titolo% %sep% %nomesito%","description":"","focus_keyword":"Europa","canonical_url":"","robots":"","primary_category":"1185","breadcrumb_title":"","facebook_title":"","facebook_description":"","facebook_image":"","facebook_image_id":"","twitter_title":"","twitter_description":"","twitter_image":"","twitter_image_id":"","twitter_card_type":"","twitter_use_facebook":"","advanced_robots":"","pillar_content":"","seo_score":"57","contentai_score":"","rich_snippet":""},"_links":{"self":[{"href":"https:\/\/dailynewshungary.com\/it\/wp-json\/wp\/v2\/posts\/716549","targetHints":{"allow":["GET"]}}],"collection":[{"href":"https:\/\/dailynewshungary.com\/it\/wp-json\/wp\/v2\/posts"}],"about":[{"href":"https:\/\/dailynewshungary.com\/it\/wp-json\/wp\/v2\/types\/post"}],"author":[{"embeddable":true,"href":"https:\/\/dailynewshungary.com\/it\/wp-json\/wp\/v2\/users\/7"}],"replies":[{"embeddable":true,"href":"https:\/\/dailynewshungary.com\/it\/wp-json\/wp\/v2\/comments?post=716549"}],"version-history":[{"count":0,"href":"https:\/\/dailynewshungary.com\/it\/wp-json\/wp\/v2\/posts\/716549\/revisions"}],"wp:featuredmedia":[{"embeddable":true,"href":"https:\/\/dailynewshungary.com\/it\/wp-json\/wp\/v2\/media\/716550"}],"wp:attachment":[{"href":"https:\/\/dailynewshungary.com\/it\/wp-json\/wp\/v2\/media?parent=716549"}],"wp:term":[{"taxonomy":"category","embeddable":true,"href":"https:\/\/dailynewshungary.com\/it\/wp-json\/wp\/v2\/categories?post=716549"},{"taxonomy":"post_tag","embeddable":true,"href":"https:\/\/dailynewshungary.com\/it\/wp-json\/wp\/v2\/tags?post=716549"}],"curies":[{"name":"wp","href":"https:\/\/api.w.org\/{rel}","templated":true}]}}