{"id":716617,"date":"2017-01-17T06:53:05","date_gmt":"2017-01-17T05:53:05","guid":{"rendered":"https:\/\/dailynewshungary.com\/it\/riunione-dei-ministri-degli-esteri-dellue-outlook-for-syrian-settlement-positivo-afferma-szijjarto\/"},"modified":"2017-01-17T06:53:05","modified_gmt":"2017-01-17T05:53:05","slug":"riunione-dei-ministri-degli-esteri-dellue-outlook-for-syrian-settlement-positivo-afferma-szijjarto","status":"publish","type":"post","link":"https:\/\/dailynewshungary.com\/it\/riunione-dei-ministri-degli-esteri-dellue-outlook-for-syrian-settlement-positivo-afferma-szijjarto\/","title":{"rendered":"Riunione dei ministri degli Esteri dell\u2019UE (Outlook for Syrian settlement) positivo, afferma Szijj\u00e1rt\u00f3"},"content":{"rendered":"<p><strong>Bruxelles (MTI) (Bruxelles) Dallo scoppio della guerra in Siria, le possibilit\u00e0 di una soluzione non sono mai state cos\u00ec buone come lo sono oggi ma non ci sar\u00e0 soluzione se Russia e Stati Uniti non riusciranno a venire a patti sulle condizioni, ha detto luned\u00ec a Bruxelles P\u00e9ter Szijj\u00e1rt\u00f3, ministro degli Esteri ungherese.<\/strong><\/p>\n<p>La posizione pragmatica del presidente eletto degli Stati Uniti Donald Trump, l&#8217;accordo di cessate il fuoco siriano e la conferenza di pace di Astana che inizier\u00e0 il 23 gennaio potrebbero insieme aprire la strada a una soluzione, ha detto Szijj\u00e1rt\u00f3 ai giornalisti a margine di una riunione dei ministri degli Esteri dell&#8217;UE.<\/p>\n<p>Il dibattito su chi dovrebbe governare quel paese dovrebbe iniziare solo una volta ripristinata la pace, Il modo pi\u00f9 corretto sarebbe lasciare che siano i siriani a decidere, ha detto.<\/p>\n<p>\u201cUna soluzione politica a lungo termine nella regione pu\u00f2 essere raggiunta solo se esiste un processo di decentralizzazione che offra a ogni comunit\u00e0 etnica e religiosa la possibilit\u00e0 di una vita sicura, ha affermato\u201d Szijj\u00e1rt\u00f3.<\/p>\n<p>Anche le comunit\u00e0 cristiane dovrebbero avere la possibilit\u00e0 di tornare nella regione e condurvi una vita sicura, ha affermato. Dato che oggi \u00e8 improbabile che i cristiani possano tornare sani e salvi nella regione, l\u00ec dovrebbe essere istituita una zona amministrativa di \u201c\u201d in modo che la comunit\u00e0 internazionale possa garantire il ritorno dei cristiani, ha aggiunto Szijj\u00e1rt\u00f3. Ma questa soluzione non deve danneggiare l\u2019integrit\u00e0 territoriale o la sovranit\u00e0 di nessun paese della regione, ha affermato.<\/p>\n<p>Sul tema del conflitto israelo-palestinese, Szijj\u00e1rt\u00f3 ha detto che la comunit\u00e0 internazionale deve continuare a fare tutto il possibile per garantire una soluzione a due Stati attraverso negoziati pacifici Il governo ungherese non sostiene alcuna misura che possa portare pi\u00f9 lontano da questo obiettivo, motivo per cui l&#8217;Ungheria non ha sostenuto n\u00e9 i tempi n\u00e9 gli accordi formali della recente conferenza di pace di Parigi alla quale nessuna delle due parti \u00e8 stata invitata. \u201c\u00c8 strano parlare di una soluzione a due Stati mentre nessuno dei due paesi \u00e8 presente,\u201d ha detto il ministro.<\/p>\n<p>Alla domanda sui commenti del presidente eletto degli Stati Uniti Donald Trump fatti al Times di Londra in cui ha definito la NATO \u201cobsolete\u201d, Szijj\u00e1rt\u00f3 ha sostenuto che Trump aveva fatto riferimento a una mancanza di attenzione data dall&#8217;alleanza militare alla minaccia del terrorismo Ed \u00e8 \u201cundeniable\u201d che la NATO avrebbe dovuto essere \u201c\u201d pi\u00f9 dura ed efficace nella sua lotta contro il terrorismo, ha insistito Szijj\u00e1rt\u00f3.<\/p>\n<p>\u201cSe tutto questo fosse stato detto da un presidente eletto liberale, non sarei rimasto sorpreso se i media liberali europei e l&#8217;\u00e9lite politica li avessero elogiati per quanto i loro suggerimenti fossero straordinariamente progressisti e avessero detto che l&#8217;Europa avrebbe fatto bene a considerarli,\u201d ha detto il ministro.<\/p>\n<p>Ha detto che nel corso della storia, l&#8217;Europa centrale ha sempre perso terreno nei conflitti tra est e ovest, motivo per cui ora \u00e8 chiaramente nell&#8217;interesse dell&#8217;Ungheria che Stati Uniti e Russia trovino un modo per risolvere le loro relazioni.<\/p>\n<p><em>Foto: MTI<\/em><\/p>\n","protected":false},"excerpt":{"rendered":"<p>Bruxelles (MTI) (Bruxelles) Dallo scoppio della guerra in Siria, le possibilit\u00e0 di una soluzione non sono mai state cos\u00ec buone come lo sono oggi ma non ci sar\u00e0 soluzione se Russia e Stati Uniti non riusciranno a venire a patti sulle condizioni, ha detto luned\u00ec a Bruxelles P\u00e9ter Szijj\u00e1rt\u00f3, ministro degli Esteri ungherese. La posizione [&hellip;]<\/p>\n","protected":false},"author":2,"featured_media":716618,"comment_status":"open","ping_status":"open","sticky":false,"template":"","format":"standard","meta":{"_display_image":"","footnotes":""},"categories":[1185],"tags":[1092,1111,1075],"class_list":["post-716617","post","type-post","status-publish","format-standard","has-post-thumbnail","hentry","category-politica-in-ungheria","tag-ministero-degli-affari-esteri-dellungheria","tag-stati-uniti","tag-unione-europea"],"blocksy_meta":[],"author_username":"alk","telegram_post":"","public_post_metadata":{"breaking_news":"","important":"","csempe":"","center_tile":"","disable_thumbnail":"","target_lang":"","_featured_image_style":"","telegram_post":"","_xlat_group_id":""},"public_rank_math_data":{"title":"%titolo% %sep% %nomesito%","description":"","focus_keyword":"estero","canonical_url":"","robots":"","primary_category":"1185","breadcrumb_title":"","facebook_title":"","facebook_description":"","facebook_image":"","facebook_image_id":"","twitter_title":"","twitter_description":"","twitter_image":"","twitter_image_id":"","twitter_card_type":"","twitter_use_facebook":"","advanced_robots":"","pillar_content":"","seo_score":"49","contentai_score":"","rich_snippet":""},"_links":{"self":[{"href":"https:\/\/dailynewshungary.com\/it\/wp-json\/wp\/v2\/posts\/716617","targetHints":{"allow":["GET"]}}],"collection":[{"href":"https:\/\/dailynewshungary.com\/it\/wp-json\/wp\/v2\/posts"}],"about":[{"href":"https:\/\/dailynewshungary.com\/it\/wp-json\/wp\/v2\/types\/post"}],"author":[{"embeddable":true,"href":"https:\/\/dailynewshungary.com\/it\/wp-json\/wp\/v2\/users\/2"}],"replies":[{"embeddable":true,"href":"https:\/\/dailynewshungary.com\/it\/wp-json\/wp\/v2\/comments?post=716617"}],"version-history":[{"count":0,"href":"https:\/\/dailynewshungary.com\/it\/wp-json\/wp\/v2\/posts\/716617\/revisions"}],"wp:featuredmedia":[{"embeddable":true,"href":"https:\/\/dailynewshungary.com\/it\/wp-json\/wp\/v2\/media\/716618"}],"wp:attachment":[{"href":"https:\/\/dailynewshungary.com\/it\/wp-json\/wp\/v2\/media?parent=716617"}],"wp:term":[{"taxonomy":"category","embeddable":true,"href":"https:\/\/dailynewshungary.com\/it\/wp-json\/wp\/v2\/categories?post=716617"},{"taxonomy":"post_tag","embeddable":true,"href":"https:\/\/dailynewshungary.com\/it\/wp-json\/wp\/v2\/tags?post=716617"}],"curies":[{"name":"wp","href":"https:\/\/api.w.org\/{rel}","templated":true}]}}