{"id":716872,"date":"2017-01-07T10:30:53","date_gmt":"2017-01-07T09:30:53","guid":{"rendered":"https:\/\/dailynewshungary.com\/it\/orban-incontra-il-capo-della-federazione-di-nuoto-uscente\/"},"modified":"2017-01-07T10:30:53","modified_gmt":"2017-01-07T09:30:53","slug":"orban-incontra-il-capo-della-federazione-di-nuoto-uscente","status":"publish","type":"post","link":"https:\/\/dailynewshungary.com\/it\/orban-incontra-il-capo-della-federazione-di-nuoto-uscente\/","title":{"rendered":"Orb\u00e1n incontra il capo della federazione di nuoto uscente"},"content":{"rendered":"<p><strong>Budapest (MTI) Venerd\u00ec il primo ministro Viktor Orb\u00e1n ha incontrato Tam\u00e1s Gy\u00e1rf\u00e1s, presidente uscente della Federazione ungherese di nuoto, ha detto il capo della stampa del primo ministro.<\/strong><\/p>\n<p>Il primo ministro apprezza molto il lavoro che Gy\u00e1rf\u00e1s ha svolto per il nuoto ungherese in collaborazione con il governo negli ultimi due decenni, ha detto Bertalan Havasi.<\/p>\n<p>Orb\u00e1n ha detto a Gy\u00e1rf\u00e1s che continuer\u00e0 a contare sul suo lavoro come diplomatico sportivo sia in Ungheria che all&#8217;estero, soprattutto in relazione ai Campionati mondiali di nuoto 2017 e ai Campionati europei di nuoto 2020, entrambi ospitati dall&#8217;Ungheria.<\/p>\n<p>Gy\u00e1rf\u00e1s, che \u00e8 anche vicepresidente della FINA, si \u00e8 dimesso da capo della Federazione ungherese di nuoto lo scorso novembre dopo le ripetute chiamate di diversi nuotatori tra cui la tre volte campionessa olimpica di Rio Katinka Hossz\u00fa e gli allenatori.<\/p>\n<p style=\"text-align: center;\">[pulsante link=\u201dhttps:\/\/dailynewshungary.com\/swimming-association-president-gyarfas-dimigns\/\u201d newwindow=\u201d\u201d] Articolo correlato: IL PRESIDENTE DELL&#8217;ASSOCIAZIONE DI NUOTO GY\u00c1RF\u00c1S SI DIMETTE [\/pulsante]<\/p>\n","protected":false},"excerpt":{"rendered":"<p>Budapest (MTI) Venerd\u00ec il primo ministro Viktor Orb\u00e1n ha incontrato Tam\u00e1s Gy\u00e1rf\u00e1s, presidente uscente della Federazione ungherese di nuoto, ha detto il capo della stampa del primo ministro. Il primo ministro apprezza molto il lavoro che Gy\u00e1rf\u00e1s ha svolto per il nuoto ungherese in collaborazione con il governo negli ultimi due decenni, ha detto Bertalan [&hellip;]<\/p>\n","protected":false},"author":2,"featured_media":716873,"comment_status":"open","ping_status":"open","sticky":false,"template":"","format":"standard","meta":{"_display_image":"","footnotes":""},"categories":[1268],"tags":[1592,1083],"class_list":["post-716872","post","type-post","status-publish","format-standard","has-post-thumbnail","hentry","category-sport","tag-nuoto","tag-viktor-orban"],"blocksy_meta":[],"author_username":"alk","telegram_post":"","public_post_metadata":{"breaking_news":"","important":"","csempe":"","center_tile":"","disable_thumbnail":"","target_lang":"","_featured_image_style":"","telegram_post":"","_xlat_group_id":""},"public_rank_math_data":{"title":"%titolo% %sep% %nomesito%","description":"","focus_keyword":"nuoto","canonical_url":"","robots":"","primary_category":"1268","breadcrumb_title":"","facebook_title":"","facebook_description":"","facebook_image":"","facebook_image_id":"","twitter_title":"","twitter_description":"","twitter_image":"","twitter_image_id":"","twitter_card_type":"","twitter_use_facebook":"","advanced_robots":"","pillar_content":"","seo_score":"50","contentai_score":"","rich_snippet":""},"_links":{"self":[{"href":"https:\/\/dailynewshungary.com\/it\/wp-json\/wp\/v2\/posts\/716872","targetHints":{"allow":["GET"]}}],"collection":[{"href":"https:\/\/dailynewshungary.com\/it\/wp-json\/wp\/v2\/posts"}],"about":[{"href":"https:\/\/dailynewshungary.com\/it\/wp-json\/wp\/v2\/types\/post"}],"author":[{"embeddable":true,"href":"https:\/\/dailynewshungary.com\/it\/wp-json\/wp\/v2\/users\/2"}],"replies":[{"embeddable":true,"href":"https:\/\/dailynewshungary.com\/it\/wp-json\/wp\/v2\/comments?post=716872"}],"version-history":[{"count":0,"href":"https:\/\/dailynewshungary.com\/it\/wp-json\/wp\/v2\/posts\/716872\/revisions"}],"wp:featuredmedia":[{"embeddable":true,"href":"https:\/\/dailynewshungary.com\/it\/wp-json\/wp\/v2\/media\/716873"}],"wp:attachment":[{"href":"https:\/\/dailynewshungary.com\/it\/wp-json\/wp\/v2\/media?parent=716872"}],"wp:term":[{"taxonomy":"category","embeddable":true,"href":"https:\/\/dailynewshungary.com\/it\/wp-json\/wp\/v2\/categories?post=716872"},{"taxonomy":"post_tag","embeddable":true,"href":"https:\/\/dailynewshungary.com\/it\/wp-json\/wp\/v2\/tags?post=716872"}],"curies":[{"name":"wp","href":"https:\/\/api.w.org\/{rel}","templated":true}]}}