{"id":716894,"date":"2017-01-06T14:20:48","date_gmt":"2017-01-06T13:20:48","guid":{"rendered":"https:\/\/dailynewshungary.com\/it\/ambasciatrice-degli-stati-uniti-a-budapest-a-budapest-per-lasciare-il-suo-posto-aggiornamento\/"},"modified":"2017-01-06T14:20:48","modified_gmt":"2017-01-06T13:20:48","slug":"ambasciatrice-degli-stati-uniti-a-budapest-a-budapest-per-lasciare-il-suo-posto-aggiornamento","status":"publish","type":"post","link":"https:\/\/dailynewshungary.com\/it\/ambasciatrice-degli-stati-uniti-a-budapest-a-budapest-per-lasciare-il-suo-posto-aggiornamento\/","title":{"rendered":"Ambasciatrice degli Stati Uniti a Budapest a Budapest per lasciare il suo posto AGGIORNAMENTO"},"content":{"rendered":"<p><strong>Budapest, 6 gennaio (MTI) Bell Ambasciatrice degli Stati Uniti in Ungheria Colleen lascer\u00e0 il suo incarico dopo aver completato il suo incarico il 20 gennaio.<\/strong><\/p>\n<p>\u201cI lascer\u00e0 Budapest il 20 gennaio dopo aver completato il mio incarico qui come ambasciatore degli Stati Uniti in Ungheria, ha detto in un post in inglese e ungherese sulla pagina Facebook dell&#8217;ambasciata americana.<\/p>\n<p>Ha ringraziato \u201cper la gentilezza e l&#8217;amicizia\u201d che lei e la sua famiglia hanno ricevuto in Ungheria.<\/p>\n<p>\u201cI mancher\u00e0 di ricoprire questa posizione, ma continuer\u00e0 il mio impegno per costruire legami pi\u00f9 forti tra i nostri due paesi, ha aggiunto.<\/p>\n<p>Ha detto che dir\u00e0 i suoi addii, sia formalmente che informalmente, nelle prossime due settimane.<\/p>\n<p style=\"text-align: center;\">&nbsp;<iframe loading=\"lazy\" style=\"border: none; overflow: hidden;\" src=\"https:\/\/www.facebook.com\/plugins\/post.php?href=https%3A%2F%2Fwww.facebook.com%2Fhungary.usembassy%2Fposts%2F10154929725558979%3A0&amp;width=500\" width=\"500\" height=\"562\" frameborder=\"0\" scrolling=\"no\"><\/iframe><\/p>\n<p style=\"text-align: center;\">[pulsante link=\u201dUSA Leggi di pi\u00f9 su: https:\/\/dailynewshungary.com\/tag\/usa\/\u201d type=\u201dbig\u201d color=\u201dre\u201d newwindow=\u201dyes\u201d] Leggi pi\u00f9 notizie sulle RELAZIONI AMERICANO-UNGHERESI![\/pulsante]<\/p>\n<h4 style=\"text-align: left;\">AGGIORNAMENTO<\/h4>\n<p style=\"text-align: left;\">Commentando l&#8217;annuncio, il capo stampa del ministero degli Esteri ha detto che l&#8217;ambasciatore uscente ha svolto un ruolo cruciale nel migliorare i legami politici tra Ungheria e Stati Uniti Tam\u00e1s Menczer ha osservato che il ministro degli Esteri Peter Szijjarto aveva indicato in pi\u00f9 occasioni che l&#8217;Ungheria apprezzer\u00e0 molto il lavoro di Bell. L&#8217;Ungheria accoglier\u00e0 e cooperer\u00e0 anche con il nuovo ambasciatore americano, ha aggiunto Menczer.<\/p>\n","protected":false},"excerpt":{"rendered":"<p>Budapest, 6 gennaio (MTI) Bell Ambasciatrice degli Stati Uniti in Ungheria Colleen lascer\u00e0 il suo incarico dopo aver completato il suo incarico il 20 gennaio. \u201cI lascer\u00e0 Budapest il 20 gennaio dopo aver completato il mio incarico qui come ambasciatore degli Stati Uniti in Ungheria, ha detto in un post in inglese e ungherese sulla [&hellip;]<\/p>\n","protected":false},"author":2,"featured_media":716895,"comment_status":"open","ping_status":"open","sticky":false,"template":"","format":"standard","meta":{"_display_image":"","footnotes":""},"categories":[1185],"tags":[1092,1111],"class_list":["post-716894","post","type-post","status-publish","format-standard","has-post-thumbnail","hentry","category-politica-in-ungheria","tag-ministero-degli-affari-esteri-dellungheria","tag-stati-uniti"],"blocksy_meta":[],"author_username":"alk","telegram_post":"","public_post_metadata":{"breaking_news":"","important":"","csempe":"","center_tile":"","disable_thumbnail":"","target_lang":"","_featured_image_style":"","telegram_post":"","_xlat_group_id":""},"public_rank_math_data":{"title":"%titolo% %sep% %nomesito%","description":"","focus_keyword":"ambasciatore","canonical_url":"","robots":"","primary_category":"1185","breadcrumb_title":"","facebook_title":"","facebook_description":"","facebook_image":"","facebook_image_id":"","twitter_title":"","twitter_description":"","twitter_image":"","twitter_image_id":"","twitter_card_type":"","twitter_use_facebook":"","advanced_robots":"","pillar_content":"","seo_score":"65","contentai_score":"","rich_snippet":""},"_links":{"self":[{"href":"https:\/\/dailynewshungary.com\/it\/wp-json\/wp\/v2\/posts\/716894","targetHints":{"allow":["GET"]}}],"collection":[{"href":"https:\/\/dailynewshungary.com\/it\/wp-json\/wp\/v2\/posts"}],"about":[{"href":"https:\/\/dailynewshungary.com\/it\/wp-json\/wp\/v2\/types\/post"}],"author":[{"embeddable":true,"href":"https:\/\/dailynewshungary.com\/it\/wp-json\/wp\/v2\/users\/2"}],"replies":[{"embeddable":true,"href":"https:\/\/dailynewshungary.com\/it\/wp-json\/wp\/v2\/comments?post=716894"}],"version-history":[{"count":0,"href":"https:\/\/dailynewshungary.com\/it\/wp-json\/wp\/v2\/posts\/716894\/revisions"}],"wp:featuredmedia":[{"embeddable":true,"href":"https:\/\/dailynewshungary.com\/it\/wp-json\/wp\/v2\/media\/716895"}],"wp:attachment":[{"href":"https:\/\/dailynewshungary.com\/it\/wp-json\/wp\/v2\/media?parent=716894"}],"wp:term":[{"taxonomy":"category","embeddable":true,"href":"https:\/\/dailynewshungary.com\/it\/wp-json\/wp\/v2\/categories?post=716894"},{"taxonomy":"post_tag","embeddable":true,"href":"https:\/\/dailynewshungary.com\/it\/wp-json\/wp\/v2\/tags?post=716894"}],"curies":[{"name":"wp","href":"https:\/\/api.w.org\/{rel}","templated":true}]}}