{"id":716918,"date":"2017-01-05T16:00:32","date_gmt":"2017-01-05T15:00:32","guid":{"rendered":"https:\/\/dailynewshungary.com\/it\/il-ministro-ungherese-dei-esteri-chiede-di-non-avere-piu-potere-nellue\/"},"modified":"2017-01-05T16:00:32","modified_gmt":"2017-01-05T15:00:32","slug":"il-ministro-ungherese-dei-esteri-chiede-di-non-avere-piu-potere-nellue","status":"publish","type":"post","link":"https:\/\/dailynewshungary.com\/it\/il-ministro-ungherese-dei-esteri-chiede-di-non-avere-piu-potere-nellue\/","title":{"rendered":"Il ministro ungherese dei Esteri chiede di non avere pi\u00f9 potere nell\u2019UE"},"content":{"rendered":"<p>&nbsp;<\/p>\n<p><strong>Budapest, 5 gennaio (MTI) 5 Trasferire ulteriori poteri dagli Stati membri a Bruxelles sarebbe \u201cidiocy\u201d, tanto pi\u00f9 che sono i membri che escogitano soluzioni di \u201cpraticable\u201d per affrontare le sfide che la comunit\u00e0 si trova ad affrontare, ha detto gioved\u00ec il ministro degli Esteri ungherese MTI.<\/strong><\/p>\n<p>P\u00e9ter Szijj\u00e1rt\u00f3 ha reagito alle osservazioni del presidente del Parlamento europeo Martin Schulz, il quale ha suggerito che i paesi di \u201cla generazione Orb\u00e1n\u201d considerano l&#8217;Europa come un avversario contro il quale dovrebbero essere tutelati gli interessi nazionali. Gli stati nazionali hanno trasferito sempre pi\u00f9 poteri a Bruxelles nel corso degli anni, ma la maggior parte dei governi non \u00e8 riuscita a spiegare questi cambiamenti ai propri elettori e ora fingono di essere pressati da una power\u201d anonima, ha detto Schulz in un&#8217;intervista a Suryddeutsche Zeitung, aggiungendo che quell&#8217;atteggiamento era \u201clethal\u201d.<\/p>\n<p>Szijj\u00e1rt\u00f3 ha detto che \u201culz \u00e8 una svitata\u201d e ha insistito sul fatto che un&#8217;Europa forte poggia su membri forti. Ha sostenuto che la comunit\u00e0 non \u00e8 stata in grado di fermare gli immigrati clandestini per anni e \u201cBruxelles ha fallito in termini di autodifesa\u201d. \u201cIspezionando la protezione da chi non vede il pericolo letale, il ministro della\u201d ha aggiunto.<\/p>\n","protected":false},"excerpt":{"rendered":"<p>&nbsp; Budapest, 5 gennaio (MTI) 5 Trasferire ulteriori poteri dagli Stati membri a Bruxelles sarebbe \u201cidiocy\u201d, tanto pi\u00f9 che sono i membri che escogitano soluzioni di \u201cpraticable\u201d per affrontare le sfide che la comunit\u00e0 si trova ad affrontare, ha detto gioved\u00ec il ministro degli Esteri ungherese MTI. P\u00e9ter Szijj\u00e1rt\u00f3 ha reagito alle osservazioni del presidente [&hellip;]<\/p>\n","protected":false},"author":2,"featured_media":716919,"comment_status":"open","ping_status":"open","sticky":false,"template":"","format":"standard","meta":{"_display_image":"","footnotes":""},"categories":[1185],"tags":[1092,1075],"class_list":["post-716918","post","type-post","status-publish","format-standard","has-post-thumbnail","hentry","category-politica-in-ungheria","tag-ministero-degli-affari-esteri-dellungheria","tag-unione-europea"],"blocksy_meta":[],"author_username":"alk","telegram_post":"","public_post_metadata":{"breaking_news":"","important":"","csempe":"","center_tile":"","disable_thumbnail":"","target_lang":"","_featured_image_style":"","telegram_post":"","_xlat_group_id":""},"public_rank_math_data":{"title":"%titolo% %sep% %nomesito%","description":"","focus_keyword":"Unione europea","canonical_url":"","robots":"","primary_category":"1185","breadcrumb_title":"","facebook_title":"","facebook_description":"","facebook_image":"","facebook_image_id":"","twitter_title":"","twitter_description":"","twitter_image":"","twitter_image_id":"","twitter_card_type":"","twitter_use_facebook":"","advanced_robots":"","pillar_content":"","seo_score":"6","contentai_score":"","rich_snippet":""},"_links":{"self":[{"href":"https:\/\/dailynewshungary.com\/it\/wp-json\/wp\/v2\/posts\/716918","targetHints":{"allow":["GET"]}}],"collection":[{"href":"https:\/\/dailynewshungary.com\/it\/wp-json\/wp\/v2\/posts"}],"about":[{"href":"https:\/\/dailynewshungary.com\/it\/wp-json\/wp\/v2\/types\/post"}],"author":[{"embeddable":true,"href":"https:\/\/dailynewshungary.com\/it\/wp-json\/wp\/v2\/users\/2"}],"replies":[{"embeddable":true,"href":"https:\/\/dailynewshungary.com\/it\/wp-json\/wp\/v2\/comments?post=716918"}],"version-history":[{"count":0,"href":"https:\/\/dailynewshungary.com\/it\/wp-json\/wp\/v2\/posts\/716918\/revisions"}],"wp:featuredmedia":[{"embeddable":true,"href":"https:\/\/dailynewshungary.com\/it\/wp-json\/wp\/v2\/media\/716919"}],"wp:attachment":[{"href":"https:\/\/dailynewshungary.com\/it\/wp-json\/wp\/v2\/media?parent=716918"}],"wp:term":[{"taxonomy":"category","embeddable":true,"href":"https:\/\/dailynewshungary.com\/it\/wp-json\/wp\/v2\/categories?post=716918"},{"taxonomy":"post_tag","embeddable":true,"href":"https:\/\/dailynewshungary.com\/it\/wp-json\/wp\/v2\/tags?post=716918"}],"curies":[{"name":"wp","href":"https:\/\/api.w.org\/{rel}","templated":true}]}}