{"id":717168,"date":"2016-12-24T12:30:04","date_gmt":"2016-12-24T11:30:04","guid":{"rendered":"https:\/\/dailynewshungary.com\/it\/intervista-ungheria-isola-di-stabilita\/"},"modified":"2016-12-24T12:30:04","modified_gmt":"2016-12-24T11:30:04","slug":"intervista-ungheria-isola-di-stabilita","status":"publish","type":"post","link":"https:\/\/dailynewshungary.com\/it\/intervista-ungheria-isola-di-stabilita\/","title":{"rendered":"Intervista: Ungheria \u201cisola di stabilit\u00e0\u201d"},"content":{"rendered":"<p><strong>Budapest, 4 dicembre (MTI) L&#8217;Ungheria \u00e8 un&#8217;isola di stabilit\u00e0 nel mondo occidentale che \u00e8 in subbuglio, ha detto il primo ministro Viktor Orb\u00e1n in un&#8217;intervista al gruppo stampa regionale Mediaworks pubblicata sabato.<\/strong><\/p>\n<blockquote>\n<p>\u201cIl nostro obiettivo \u00e8 rendere l&#8217;Ungheria una re\u201d vincente, ha detto Orb\u00e1n.<\/p>\n<\/blockquote>\n<p>Riferendosi ai recenti omicidi terroristici a Berlino, ha affermato che non \u00e8 prevedibile che i cristiani vengano uccisi nel cuore dell&#8217;Europa a Natale.<\/p>\n<p>Sulla questione dei migranti, ha detto che \u00e8 ovvio che nulla pu\u00f2 rimanere cos\u00ec com&#8217;\u00e8 e Bruxelles deve fare un cambiamento Le persone arrivate in Europa illegalmente devono essere riportate in un luogo fuori dall&#8217;Europa e le frontiere devono essere protette, ha aggiunto.<\/p>\n<p>Nessuno avrebbe creduto un anno fa, che il Regno Unito sarebbe uscito dall\u2019Unione Europea e \u201cil clan Clinton, il tradizionale partito degli intellettuali americani\u201d sarebbe caduto dal potere, ha detto Orb\u00e1n. Secondo Orb\u00e1n, c\u2019\u00e8 stata una \u201crebellion\u201d nelle due democrazie modello del mondo che continuer\u00e0 nel 2017 e le democrazie occidentali attraverseranno un\u2019\u201canno di rebellion\u201d.<\/p>\n<p>L&#8217;Ungheria pu\u00f2 essere un&#8217;isola di stabilit\u00e0 perch\u00e9 \u201cabbiamo chiesto l&#8217;opinione delle persone e protetto il paese dall&#8217;immigrazione clandestina nel 2015 e nel 2016, ha detto\u201d.<\/p>\n<p>Orb\u00e1n ha detto che il sogno europeo \u00e8 finito e mentre in passato si doveva prendere una decisione su come distribuire il denaro, attualmente un sentimento generale di austerit\u00e0 \u00e8 la norma.<\/p>\n<p>L&#8217;Europa occidentale accoglie migranti da decenni, ma la loro integrazione \u00e8 stata un fallimento in modo evidente. Le persone in diverse citt\u00e0 dell&#8217;Europa occidentale hanno perso il senso di sicurezza e la criminalit\u00e0 \u00e8 aumentata, cos\u00ec come la minaccia del terrorismo, ha detto Orb\u00e1n. Il rallentamento economico, la criminalit\u00e0, il terrore, la migrazione, l\u2019incapacit\u00e0 di prendere decisioni e la comunicazione non sincera si sono sommati nel mondo occidentale e i leader non hanno trovato una soluzione, ha aggiunto Orb\u00e1n.<\/p>\n<p>\u201cSiamo persone originarie dell&#8217;est ma apparteniamo al mondo occidentale\u201d, ha detto descrivendo gli ungheresi. Di conseguenza, \u00e8 nell&#8217;interesse del paese che l&#8217;Occidente abbia successo e che l&#8217;Europa non voglia cambiarci, ma accetti e rispetti che siamo ungheresi e rimarremo ungheresi\u201d. Secondo Orb\u00e1n, non tutto dovrebbe essere preso dall&#8217;Europa occidentale e tutto ci\u00f2 che \u00e8 brutto deve essere respinto risolutamente\u201d.<\/p>\n<p>\u201cDiremo di no anche\u201d quando Bruxelles vorr\u00e0 far s\u00ec che l&#8217;Ungheria ritiri il suo sistema di riduzione delle tariffe di pubblica utilit\u00e0, ha aggiunto.<\/p>\n<p>Orb\u00e1n ha affermato che l\u2019obiettivo principale per il 2017 \u00e8 far s\u00ec che valga la pena che le persone lavorino in Ungheria. Il governo sta riducendo le tasse sui datori di lavoro per aprire la strada all\u2019aumento dei salari.<\/p>\n<p>In risposta a una domanda sulle riforme nel campo dell\u2019assistenza sanitaria e dell\u2019istruzione, Orb\u00e1n ha negato le affermazioni secondo cui le riforme si sono fermate e ha affermato che 71 ospedali sono stati rinnovati e che i salari di medici e infermieri saranno gradualmente aumentati nel 2017 e nel 2018. I salari degli insegnanti sono aumentati del 50% e nuove scuole vengono aperte, ha aggiunto.<\/p>\n<p>Commentando le ripetute accuse di corruzione dell&#8217;opposizione tra i partiti al potere, ha affermato che \u00e8 necessario chiarire che \u201cnon tolleriamo abusi di potere\u201d. Il motivo per cui restano soldi per l&#8217;aumento delle pensioni, il sostegno familiare e libri di testo gratuiti per i bambini \u00e8 che \u201cI non tollera il furto di denaro, ha aggiunto\u201d Orb\u00e1n.<\/p>\n<p>In risposta ad una domanda sulla nomina del presidente, ha detto che il presidente J\u00e1nos \u00c1der \u00e8 molto rispettato nel partito al potere Fidesz e che se sar\u00e0 disposto a riprendere l&#8217;incarico, sar\u00e0 nominato.<\/p>\n<p><em>Foto: MTI<\/em><\/p>\n","protected":false},"excerpt":{"rendered":"<p>Budapest, 4 dicembre (MTI) L&#8217;Ungheria \u00e8 un&#8217;isola di stabilit\u00e0 nel mondo occidentale che \u00e8 in subbuglio, ha detto il primo ministro Viktor Orb\u00e1n in un&#8217;intervista al gruppo stampa regionale Mediaworks pubblicata sabato. \u201cIl nostro obiettivo \u00e8 rendere l&#8217;Ungheria una re\u201d vincente, ha detto Orb\u00e1n. Riferendosi ai recenti omicidi terroristici a Berlino, ha affermato che non [&hellip;]<\/p>\n","protected":false},"author":2,"featured_media":717169,"comment_status":"open","ping_status":"open","sticky":false,"template":"","format":"standard","meta":{"_display_image":"","footnotes":""},"categories":[1185],"tags":[1083],"class_list":["post-717168","post","type-post","status-publish","format-standard","has-post-thumbnail","hentry","category-politica-in-ungheria","tag-viktor-orban"],"blocksy_meta":[],"author_username":"alk","telegram_post":"","public_post_metadata":{"breaking_news":"","important":"","csempe":"","center_tile":"","disable_thumbnail":"","target_lang":"","_featured_image_style":"","telegram_post":"","_xlat_group_id":""},"public_rank_math_data":{"title":"%titolo% %sep% %nomesito%","description":"","focus_keyword":"Orb\u00e1n","canonical_url":"","robots":"","primary_category":"1185","breadcrumb_title":"","facebook_title":"","facebook_description":"","facebook_image":"","facebook_image_id":"","twitter_title":"","twitter_description":"","twitter_image":"","twitter_image_id":"","twitter_card_type":"","twitter_use_facebook":"","advanced_robots":"","pillar_content":"","seo_score":"60","contentai_score":"","rich_snippet":""},"_links":{"self":[{"href":"https:\/\/dailynewshungary.com\/it\/wp-json\/wp\/v2\/posts\/717168","targetHints":{"allow":["GET"]}}],"collection":[{"href":"https:\/\/dailynewshungary.com\/it\/wp-json\/wp\/v2\/posts"}],"about":[{"href":"https:\/\/dailynewshungary.com\/it\/wp-json\/wp\/v2\/types\/post"}],"author":[{"embeddable":true,"href":"https:\/\/dailynewshungary.com\/it\/wp-json\/wp\/v2\/users\/2"}],"replies":[{"embeddable":true,"href":"https:\/\/dailynewshungary.com\/it\/wp-json\/wp\/v2\/comments?post=717168"}],"version-history":[{"count":0,"href":"https:\/\/dailynewshungary.com\/it\/wp-json\/wp\/v2\/posts\/717168\/revisions"}],"wp:featuredmedia":[{"embeddable":true,"href":"https:\/\/dailynewshungary.com\/it\/wp-json\/wp\/v2\/media\/717169"}],"wp:attachment":[{"href":"https:\/\/dailynewshungary.com\/it\/wp-json\/wp\/v2\/media?parent=717168"}],"wp:term":[{"taxonomy":"category","embeddable":true,"href":"https:\/\/dailynewshungary.com\/it\/wp-json\/wp\/v2\/categories?post=717168"},{"taxonomy":"post_tag","embeddable":true,"href":"https:\/\/dailynewshungary.com\/it\/wp-json\/wp\/v2\/tags?post=717168"}],"curies":[{"name":"wp","href":"https:\/\/api.w.org\/{rel}","templated":true}]}}