{"id":717182,"date":"2016-12-23T18:00:03","date_gmt":"2016-12-23T17:00:03","guid":{"rendered":"https:\/\/dailynewshungary.com\/it\/il-gruppo-nazionalista-piu-pericoloso-dellungheria-betyarsereg-video\/"},"modified":"2016-12-23T18:00:03","modified_gmt":"2016-12-23T17:00:03","slug":"il-gruppo-nazionalista-piu-pericoloso-dellungheria-betyarsereg-video","status":"publish","type":"post","link":"https:\/\/dailynewshungary.com\/it\/il-gruppo-nazionalista-piu-pericoloso-dellungheria-betyarsereg-video\/","title":{"rendered":"Il gruppo nazionalista pi\u00f9 pericoloso dell\u2019Ungheria: Bety\u00e1rsereg VIDEO"},"content":{"rendered":"<p><strong>Il Bety\u00e1rsereg (Esercito dei Banditi) \u00e8 il gruppo pi\u00f9 famoso e famigerato di uomini patriottici e tradizionalisti ungheresi, guarda il video su di loro:<\/strong><\/p>\n<p><iframe loading=\"lazy\" title=\"BETY\u00c1RSEREG: Hungary's Most Infamous Nationalist Group\" width=\"1480\" height=\"833\" src=\"https:\/\/www.youtube.com\/embed\/stDtqxMVN3g?feature=oembed\" frameborder=\"0\" allow=\"accelerometer; autoplay; clipboard-write; encrypted-media; gyroscope; picture-in-picture; web-share\" referrerpolicy=\"strict-origin-when-cross-origin\" allowfullscreen=\"\"><\/iframe><\/p>\n","protected":false},"excerpt":{"rendered":"<p>Il Bety\u00e1rsereg (Esercito dei Banditi) \u00e8 il gruppo pi\u00f9 famoso e famigerato di uomini patriottici e tradizionalisti ungheresi, guarda il video su di loro:<\/p>\n","protected":false},"author":2,"featured_media":0,"comment_status":"open","ping_status":"open","sticky":false,"template":"","format":"standard","meta":{"_display_image":"","footnotes":""},"categories":[1207],"tags":[1124],"class_list":["post-717182","post","type-post","status-publish","format-standard","hentry","category-societa-in-ungheria","tag-video"],"blocksy_meta":[],"author_username":"alk","telegram_post":"","public_post_metadata":{"breaking_news":"","important":"","csempe":"","center_tile":"","disable_thumbnail":"","target_lang":"","_featured_image_style":"","telegram_post":"","_xlat_group_id":""},"public_rank_math_data":{"title":"%titolo% %sep% %nomesito%","description":"","focus_keyword":"nazionalista","canonical_url":"","robots":"","primary_category":"1207","breadcrumb_title":"","facebook_title":"","facebook_description":"","facebook_image":"","facebook_image_id":"","twitter_title":"","twitter_description":"","twitter_image":"","twitter_image_id":"","twitter_card_type":"","twitter_use_facebook":"","advanced_robots":"","pillar_content":"","seo_score":"48","contentai_score":"","rich_snippet":""},"_links":{"self":[{"href":"https:\/\/dailynewshungary.com\/it\/wp-json\/wp\/v2\/posts\/717182","targetHints":{"allow":["GET"]}}],"collection":[{"href":"https:\/\/dailynewshungary.com\/it\/wp-json\/wp\/v2\/posts"}],"about":[{"href":"https:\/\/dailynewshungary.com\/it\/wp-json\/wp\/v2\/types\/post"}],"author":[{"embeddable":true,"href":"https:\/\/dailynewshungary.com\/it\/wp-json\/wp\/v2\/users\/2"}],"replies":[{"embeddable":true,"href":"https:\/\/dailynewshungary.com\/it\/wp-json\/wp\/v2\/comments?post=717182"}],"version-history":[{"count":0,"href":"https:\/\/dailynewshungary.com\/it\/wp-json\/wp\/v2\/posts\/717182\/revisions"}],"wp:attachment":[{"href":"https:\/\/dailynewshungary.com\/it\/wp-json\/wp\/v2\/media?parent=717182"}],"wp:term":[{"taxonomy":"category","embeddable":true,"href":"https:\/\/dailynewshungary.com\/it\/wp-json\/wp\/v2\/categories?post=717182"},{"taxonomy":"post_tag","embeddable":true,"href":"https:\/\/dailynewshungary.com\/it\/wp-json\/wp\/v2\/tags?post=717182"}],"curies":[{"name":"wp","href":"https:\/\/api.w.org\/{rel}","templated":true}]}}