{"id":717406,"date":"2016-12-14T19:10:30","date_gmt":"2016-12-14T18:10:30","guid":{"rendered":"https:\/\/dailynewshungary.com\/it\/il-presidente-di-jobbik-affronta-il-primo-ministro-orban-in-parlamento\/"},"modified":"2016-12-14T19:10:30","modified_gmt":"2016-12-14T18:10:30","slug":"il-presidente-di-jobbik-affronta-il-primo-ministro-orban-in-parlamento","status":"publish","type":"post","link":"https:\/\/dailynewshungary.com\/it\/il-presidente-di-jobbik-affronta-il-primo-ministro-orban-in-parlamento\/","title":{"rendered":"Il presidente di Jobbik affronta il primo ministro Orb\u00e1n in Parlamento"},"content":{"rendered":"<p><strong>Comunicato stampa (Comunicato stampa) Il presidente di G\u00e1bor Vona ha chiesto al Primo Ministro la sua politica migratoria e la campagna diffamatoria in corso, quindi lo ha sfidato a un dibattito. Non c&#8217;\u00e8 stata una vera risposta<\/strong><\/p>\n<p>Il signor Vona ha chiesto al Primo Ministro nell&#8217;ora delle domande che richiedono una risposta immediata nella sessione del luned\u00ec del Parlamento Il presidente di Jobbik voleva sapere cosa \u00e8 cambiato nella politica migratoria di Fidesz, sottolineando che il governo, invece di ritirare i titoli di residenza, ha aperto un altro ufficio vendite in Iraq, inviando cos\u00ec il messaggio ai terroristi dell&#8217;Isis che se l\u00ec fa troppo caldo per loro, potrebbero anche venire in Ungheria.<\/p>\n<p>I progetti di legge costituzionali di Jobbik vengono regolarmente respinti dai parlamentari governativi mentre Orb\u00e1n continua a mantenere la risoluzione della Corte costituzionale anche se in realt\u00e0 conclude che sarebbe necessario un emendamento. Secondo Vona, il primo ministro Orb\u00e1n si recher\u00e0 a Bruxelles come politico caduto con un referendum non valido e un emendamento costituzionale fallito nella borsa. Infine, il presidente di Jobbik ha osservato che Fidesz ha lanciato la campagna diffamatoria pi\u00f9 vile mai vista contro di lui.<\/p>\n<blockquote>\n<p>\u201cIl denaro \u00e8 cos\u00ec importante, il bottino \u00e8 cos\u00ec importante?\u201d chiese.<\/p>\n<\/blockquote>\n<p>Evitando meticolosamente l&#8217;emissione dei titoli di residenza e i rapporti dei media Habony, Orb\u00e1n ha risposto che la politica migratoria di Fidesz \u00e8 rimasta invariata, che considera ancora la lotta contro l&#8217;immigrazione e le quote di assegnazione dei migranti una questione nazionale, mentre Jobbik ha abbassato questa questione nazionale a una questione di parte. \u201cCi schieriamo con il popolo ungherese e proteggeremo l&#8217;Ungheria con te o anche contro di te,\u201d, ha detto.<\/p>\n<p>Vona ha sollevato ancora una volta la questione del clamore mediatico e ha sottolineato che, anche se Orb\u00e1n continuava a diffondere in Parlamento la voce secondo cui Vona lo avrebbe minacciato nel loro incontro individuale di attaccare il Primo Ministro attraverso la sua famiglia, Jobbik non avrebbe mai fatto una cosa del genere. Ha invitato Orb\u00e1n a intervenire inviando messaggi attraverso [l&#8217;artista travestito] Terry Black o a far s\u00ec che \u00c1rp\u00e1d, il buon lavoratore [\u00c1rp\u00e1d Habony, il presunto consigliere del Primo Ministro] gestisca gli affari del Primo Ministro e si faccia avanti invece per un dibattito politico pubblico, qualcosa che Orb\u00e1n aveva evitato negli ultimi 10 anni.<\/p>\n<p>\u201cSapete ancora combattere lealmente o rimanete per sempre con il fango?\u201d si rivolse al Primo Ministro Nella sua risposta, il signor Orb\u00e1n non si rifer\u00ec a un dibattito pubblico o ai media di Habony, disse invece che Jobbik non vot\u00f2 per il suo emendamento costituzionale quindi il partito fall\u00ec l&#8217;esame e il signor Vona stava praticamente facendo domanda per un esame di ri-fare. \u201cNon c&#8217;\u00e8 esame di ri-fare, non posso accettare la tua domanda,\u201d il PM concluse il suo discorso.<\/p>\n<h4>Guarda il video (in ungherese):<\/h4>\n<p>https:\/\/www.youtube.com\/watch?v=5iDZX7TmFIg<\/p>\n<p><em>Foto: MTI<\/em><\/p>\n","protected":false},"excerpt":{"rendered":"<p>Comunicato stampa (Comunicato stampa) Il presidente di G\u00e1bor Vona ha chiesto al Primo Ministro la sua politica migratoria e la campagna diffamatoria in corso, quindi lo ha sfidato a un dibattito. Non c&#8217;\u00e8 stata una vera risposta Il signor Vona ha chiesto al Primo Ministro nell&#8217;ora delle domande che richiedono una risposta immediata nella sessione [&hellip;]<\/p>\n","protected":false},"author":2,"featured_media":717408,"comment_status":"open","ping_status":"open","sticky":false,"template":"","format":"standard","meta":{"_display_image":"","footnotes":""},"categories":[1185],"tags":[1078,1412,1330,1247,1083],"class_list":["post-717406","post","type-post","status-publish","format-standard","has-post-thumbnail","hentry","category-politica-in-ungheria","tag-fidesz","tag-jobbik","tag-media","tag-parlamento","tag-viktor-orban"],"blocksy_meta":[],"author_username":"alk","telegram_post":"","public_post_metadata":{"breaking_news":"","important":"","csempe":"","center_tile":"","disable_thumbnail":"","target_lang":"","_featured_image_style":"","telegram_post":"","_xlat_group_id":""},"public_rank_math_data":{"title":"%titolo% %sep% %nomesito%","description":"","focus_keyword":"Jobbik Fidesz","canonical_url":"","robots":"","primary_category":"1185","breadcrumb_title":"","facebook_title":"","facebook_description":"","facebook_image":"","facebook_image_id":"","twitter_title":"","twitter_description":"","twitter_image":"","twitter_image_id":"","twitter_card_type":"","twitter_use_facebook":"","advanced_robots":"","pillar_content":"","seo_score":"2","contentai_score":"","rich_snippet":""},"_links":{"self":[{"href":"https:\/\/dailynewshungary.com\/it\/wp-json\/wp\/v2\/posts\/717406","targetHints":{"allow":["GET"]}}],"collection":[{"href":"https:\/\/dailynewshungary.com\/it\/wp-json\/wp\/v2\/posts"}],"about":[{"href":"https:\/\/dailynewshungary.com\/it\/wp-json\/wp\/v2\/types\/post"}],"author":[{"embeddable":true,"href":"https:\/\/dailynewshungary.com\/it\/wp-json\/wp\/v2\/users\/2"}],"replies":[{"embeddable":true,"href":"https:\/\/dailynewshungary.com\/it\/wp-json\/wp\/v2\/comments?post=717406"}],"version-history":[{"count":0,"href":"https:\/\/dailynewshungary.com\/it\/wp-json\/wp\/v2\/posts\/717406\/revisions"}],"wp:featuredmedia":[{"embeddable":true,"href":"https:\/\/dailynewshungary.com\/it\/wp-json\/wp\/v2\/media\/717408"}],"wp:attachment":[{"href":"https:\/\/dailynewshungary.com\/it\/wp-json\/wp\/v2\/media?parent=717406"}],"wp:term":[{"taxonomy":"category","embeddable":true,"href":"https:\/\/dailynewshungary.com\/it\/wp-json\/wp\/v2\/categories?post=717406"},{"taxonomy":"post_tag","embeddable":true,"href":"https:\/\/dailynewshungary.com\/it\/wp-json\/wp\/v2\/tags?post=717406"}],"curies":[{"name":"wp","href":"https:\/\/api.w.org\/{rel}","templated":true}]}}