{"id":717453,"date":"2016-12-13T11:33:04","date_gmt":"2016-12-13T10:33:04","guid":{"rendered":"https:\/\/dailynewshungary.com\/it\/il-proprietario-afferma-che-non-e-previsto-il-rilancio-di-nepszabadsag\/"},"modified":"2016-12-13T11:33:04","modified_gmt":"2016-12-13T10:33:04","slug":"il-proprietario-afferma-che-non-e-previsto-il-rilancio-di-nepszabadsag","status":"publish","type":"post","link":"https:\/\/dailynewshungary.com\/it\/il-proprietario-afferma-che-non-e-previsto-il-rilancio-di-nepszabadsag\/","title":{"rendered":"Il proprietario afferma che non \u00e8 previsto il rilancio di N\u00e9pszabads\u00e1g"},"content":{"rendered":"<p><strong>Budapest, 2 dicembre (MTI) 1 Il proprietario di Mediaworks, Opimus Group, ha dichiarato di non avere intenzione di rilanciare N\u00e9pszabads\u00e1g, quello che era stato il quotidiano ungherese con la maggiore diffusione prima della chiusura in ottobre.<\/strong><\/p>\n<p>Luned\u00ec, in una dichiarazione sul sito web della Borsa (BET), Opimus ha affermato di aver rivisto l&#8217;opzione di riavviare quotidianamente la sinistra, ma non vede alcuna possibilit\u00e0 razionale o economicamente valida per farlo.<\/p>\n<p>Opimus Press, una filiale del gruppo, ha acquisito il 100% di Mediaworks Ungheria da Vienna Capital Partners, che aveva appena sospeso il giornale per motivi finanziari.<\/p>\n<p>Mediaworks ha interrotto la tiratura e la pubblicazione online di N\u00e9pszabads\u00e1g l&#8217;8 ottobre, citando un calo delle vendite del 74% in dieci anni e ingenti perdite.<\/p>\n","protected":false},"excerpt":{"rendered":"<p>Budapest, 2 dicembre (MTI) 1 Il proprietario di Mediaworks, Opimus Group, ha dichiarato di non avere intenzione di rilanciare N\u00e9pszabads\u00e1g, quello che era stato il quotidiano ungherese con la maggiore diffusione prima della chiusura in ottobre. Luned\u00ec, in una dichiarazione sul sito web della Borsa (BET), Opimus ha affermato di aver rivisto l&#8217;opzione di riavviare [&hellip;]<\/p>\n","protected":false},"author":2,"featured_media":717454,"comment_status":"open","ping_status":"open","sticky":false,"template":"","format":"standard","meta":{"_display_image":"","footnotes":""},"categories":[1314],"tags":[1330,2150],"class_list":["post-717453","post","type-post","status-publish","format-standard","has-post-thumbnail","hentry","category-economia-in-ungheria","tag-media","tag-sospensione-nepszabadsag"],"blocksy_meta":[],"author_username":"alk","telegram_post":"","public_post_metadata":{"breaking_news":"","important":"","csempe":"","center_tile":"","disable_thumbnail":"","target_lang":"","_featured_image_style":"","telegram_post":"","_xlat_group_id":""},"public_rank_math_data":{"title":"%titolo% %sep% %nomesito%","description":"","focus_keyword":"media","canonical_url":"","robots":"","primary_category":"1314","breadcrumb_title":"","facebook_title":"","facebook_description":"","facebook_image":"","facebook_image_id":"","twitter_title":"","twitter_description":"","twitter_image":"","twitter_image_id":"","twitter_card_type":"","twitter_use_facebook":"","advanced_robots":"","pillar_content":"","seo_score":"16","contentai_score":"","rich_snippet":""},"_links":{"self":[{"href":"https:\/\/dailynewshungary.com\/it\/wp-json\/wp\/v2\/posts\/717453","targetHints":{"allow":["GET"]}}],"collection":[{"href":"https:\/\/dailynewshungary.com\/it\/wp-json\/wp\/v2\/posts"}],"about":[{"href":"https:\/\/dailynewshungary.com\/it\/wp-json\/wp\/v2\/types\/post"}],"author":[{"embeddable":true,"href":"https:\/\/dailynewshungary.com\/it\/wp-json\/wp\/v2\/users\/2"}],"replies":[{"embeddable":true,"href":"https:\/\/dailynewshungary.com\/it\/wp-json\/wp\/v2\/comments?post=717453"}],"version-history":[{"count":0,"href":"https:\/\/dailynewshungary.com\/it\/wp-json\/wp\/v2\/posts\/717453\/revisions"}],"wp:featuredmedia":[{"embeddable":true,"href":"https:\/\/dailynewshungary.com\/it\/wp-json\/wp\/v2\/media\/717454"}],"wp:attachment":[{"href":"https:\/\/dailynewshungary.com\/it\/wp-json\/wp\/v2\/media?parent=717453"}],"wp:term":[{"taxonomy":"category","embeddable":true,"href":"https:\/\/dailynewshungary.com\/it\/wp-json\/wp\/v2\/categories?post=717453"},{"taxonomy":"post_tag","embeddable":true,"href":"https:\/\/dailynewshungary.com\/it\/wp-json\/wp\/v2\/tags?post=717453"}],"curies":[{"name":"wp","href":"https:\/\/api.w.org\/{rel}","templated":true}]}}