{"id":717536,"date":"2016-12-10T07:00:36","date_gmt":"2016-12-10T06:00:36","guid":{"rendered":"https:\/\/dailynewshungary.com\/it\/orban-discute-del-futuro-delleuropa-con-kaczynski\/"},"modified":"2016-12-10T07:00:36","modified_gmt":"2016-12-10T06:00:36","slug":"orban-discute-del-futuro-delleuropa-con-kaczynski","status":"publish","type":"post","link":"https:\/\/dailynewshungary.com\/it\/orban-discute-del-futuro-delleuropa-con-kaczynski\/","title":{"rendered":"Orb\u00e1n discute del futuro dell\u2019Europa con Kaczynski"},"content":{"rendered":"<p><strong>Varsavia (MTI) Il primo ministro Viktor Orb\u00e1n ha incontrato venerd\u00ec a Cracovia Jaroslaw Kaczynski, capo del partito polacco PiS, per un colloquio.<\/strong><\/p>\n<p>Le parti coinvolte nei colloqui hanno discusso questioni relative al futuro dell&#8217;Europa, alla crisi migratoria e alle questioni economiche, ha detto ai giornalisti Ryszard Terlecki, vicepresidente del Sejm polacco, dopo i colloqui.<\/p>\n<p style=\"text-align: center;\">&nbsp;<iframe loading=\"lazy\" style=\"border: none; overflow: hidden;\" src=\"https:\/\/www.facebook.com\/plugins\/post.php?href=https%3A%2F%2Fwww.facebook.com%2Fdailynewshungary%2Fposts%2F1176333092402260&amp;width=500\" width=\"500\" height=\"506\" frameborder=\"0\" scrolling=\"no\"><\/iframe><\/p>\n<p>Terlecki ha detto che l&#8217;incontro di quasi tre ore si \u00e8 svolto in un&#8217;atmosfera di \u201cvery good\u201d, segnalando un&#8217;apprezzamento dell&#8217;amicizia tra i leader dei due paesi.<\/p>\n<p>Orb\u00e1n trascorse due giorni a Cracovia, dove parl\u00f2 a una conferenza in occasione del centenario della nascita dello storico Waclaw Felczak, e partecip\u00f2 all&#8217;inaugurazione di una targa commemorativa dei sostenitori polacchi della rivolta antisovietica ungherese del 1956.<\/p>\n<p><em>Foto: MTI<\/em><\/p>\n","protected":false},"excerpt":{"rendered":"<p>Varsavia (MTI) Il primo ministro Viktor Orb\u00e1n ha incontrato venerd\u00ec a Cracovia Jaroslaw Kaczynski, capo del partito polacco PiS, per un colloquio. Le parti coinvolte nei colloqui hanno discusso questioni relative al futuro dell&#8217;Europa, alla crisi migratoria e alle questioni economiche, ha detto ai giornalisti Ryszard Terlecki, vicepresidente del Sejm polacco, dopo i colloqui. &nbsp; [&hellip;]<\/p>\n","protected":false},"author":2,"featured_media":717537,"comment_status":"open","ping_status":"open","sticky":false,"template":"","format":"standard","meta":{"_display_image":"","footnotes":""},"categories":[1185],"tags":[1144,1083],"class_list":["post-717536","post","type-post","status-publish","format-standard","has-post-thumbnail","hentry","category-politica-in-ungheria","tag-polonia","tag-viktor-orban"],"blocksy_meta":[],"author_username":"alk","telegram_post":"","public_post_metadata":{"breaking_news":"","important":"","csempe":"","center_tile":"","disable_thumbnail":"","target_lang":"","_featured_image_style":"","telegram_post":"","_xlat_group_id":""},"public_rank_math_data":{"title":"%titolo% %sep% %nomesito%","description":"","focus_keyword":"polonia","canonical_url":"","robots":"","primary_category":"1185","breadcrumb_title":"","facebook_title":"","facebook_description":"","facebook_image":"","facebook_image_id":"","twitter_title":"","twitter_description":"","twitter_image":"","twitter_image_id":"","twitter_card_type":"","twitter_use_facebook":"","advanced_robots":"","pillar_content":"","seo_score":"19","contentai_score":"","rich_snippet":""},"_links":{"self":[{"href":"https:\/\/dailynewshungary.com\/it\/wp-json\/wp\/v2\/posts\/717536","targetHints":{"allow":["GET"]}}],"collection":[{"href":"https:\/\/dailynewshungary.com\/it\/wp-json\/wp\/v2\/posts"}],"about":[{"href":"https:\/\/dailynewshungary.com\/it\/wp-json\/wp\/v2\/types\/post"}],"author":[{"embeddable":true,"href":"https:\/\/dailynewshungary.com\/it\/wp-json\/wp\/v2\/users\/2"}],"replies":[{"embeddable":true,"href":"https:\/\/dailynewshungary.com\/it\/wp-json\/wp\/v2\/comments?post=717536"}],"version-history":[{"count":0,"href":"https:\/\/dailynewshungary.com\/it\/wp-json\/wp\/v2\/posts\/717536\/revisions"}],"wp:featuredmedia":[{"embeddable":true,"href":"https:\/\/dailynewshungary.com\/it\/wp-json\/wp\/v2\/media\/717537"}],"wp:attachment":[{"href":"https:\/\/dailynewshungary.com\/it\/wp-json\/wp\/v2\/media?parent=717536"}],"wp:term":[{"taxonomy":"category","embeddable":true,"href":"https:\/\/dailynewshungary.com\/it\/wp-json\/wp\/v2\/categories?post=717536"},{"taxonomy":"post_tag","embeddable":true,"href":"https:\/\/dailynewshungary.com\/it\/wp-json\/wp\/v2\/tags?post=717536"}],"curies":[{"name":"wp","href":"https:\/\/api.w.org\/{rel}","templated":true}]}}