{"id":717774,"date":"2016-12-01T17:12:55","date_gmt":"2016-12-01T16:12:55","guid":{"rendered":"https:\/\/dailynewshungary.com\/it\/budapest-sorpresa-da-piazza-erzsebet-trasferimento-allo-stato\/"},"modified":"2016-12-01T17:12:55","modified_gmt":"2016-12-01T16:12:55","slug":"budapest-sorpresa-da-piazza-erzsebet-trasferimento-allo-stato","status":"publish","type":"post","link":"https:\/\/dailynewshungary.com\/it\/budapest-sorpresa-da-piazza-erzsebet-trasferimento-allo-stato\/","title":{"rendered":"Budapest \u2018sorpresa\u2019 da Piazza Erzs\u00e9bet trasferimento allo stato"},"content":{"rendered":"<p><strong>Budapest, dicembre 1 (MTI) Il consiglio metropolitano di Budapest gioved\u00ec ha espresso \u201csorpresa\u201d che la propriet\u00e0 del centro di Budapest Piazza Erzs\u00e9bet \u00e8 stata trasferita allo stato.<\/strong><\/p>\n<p>Il Parlamento ha approvato una legge sul trasferimento di alcune propriet\u00e0 comunali nella propriet\u00e0 dello Stato, e questo include il trasferimento di piazza Erzs\u00e9bet, ha detto il consiglio in una dichiarazione gioved\u00ec, insistendo che non era stata consultata prima del cambiamento.<\/p>\n<p>\u201cSperiamo che questo tipo di decisioni non diventino regolari, si legge nella nota.<\/p>\n<p>Secondo la legge, quattro immobili situati su piazza Erzs\u00e9bet saranno inclusi nel trasferimento La giustificazione della legge dice che la piazza come parco pubblico sar\u00e0 cos\u00ec gestita e gestita in modo unificato.<\/p>\n<p style=\"text-align: center;\">&nbsp;<iframe loading=\"lazy\" style=\"border: 0;\" src=\"https:\/\/www.google.com\/maps\/embed?pb=!1m18!1m12!1m3!1d21564.87362173085!2d19.03523853824588!3d47.4975259791776!2m3!1f0!2f0!3f0!3m2!1i1024!2i768!4f13.1!3m3!1m2!1s0x4741dc4017ee53eb%3A0x3fcabb8d6bb9f90e!2zQnVkYXBlc3QsIEVyenPDqWJldCB0w6lyLCAxMDUx!5e0!3m2!1shu!2shu!4v1480608856300\" width=\"600\" height=\"450\" frameborder=\"0\" allowfullscreen=\"allowfullscreen\"><\/iframe><\/p>\n<p>J\u00e1nos F\u00f3nagy, segretario di Stato presso il Ministero nazionale dello sviluppo, ha detto in precedenza che non c&#8217;erano piani per costruire in\u201d piazza Erzs\u00e9bet e che il cambiamento riguarda solo il marciapiede che circonda la piazza, che ha quattro diversi numeri catastali.<\/p>\n<p><em>Foto:&nbsp;<a class=\"new\" title=\"Utente: VinceB (pagina non esiste)\" href=\"https:\/\/commons.wikimedia.org\/w\/index.php?title=User:VinceB&amp;action=edit&amp;redlink=1\" target=\"_blank\" rel=\"noopener\">VinceB<\/a><\/em><\/p>\n","protected":false},"excerpt":{"rendered":"<p>Budapest, dicembre 1 (MTI) Il consiglio metropolitano di Budapest gioved\u00ec ha espresso \u201csorpresa\u201d che la propriet\u00e0 del centro di Budapest Piazza Erzs\u00e9bet \u00e8 stata trasferita allo stato. Il Parlamento ha approvato una legge sul trasferimento di alcune propriet\u00e0 comunali nella propriet\u00e0 dello Stato, e questo include il trasferimento di piazza Erzs\u00e9bet, ha detto il consiglio [&hellip;]<\/p>\n","protected":false},"author":2,"featured_media":717775,"comment_status":"open","ping_status":"open","sticky":false,"template":"","format":"standard","meta":{"_display_image":"","footnotes":""},"categories":[1185],"tags":[1158,1393,1473],"class_list":["post-717774","post","type-post","status-publish","format-standard","has-post-thumbnail","hentry","category-politica-in-ungheria","tag-budapest","tag-consiglio-di-budapest","tag-legge"],"blocksy_meta":[],"author_username":"alk","telegram_post":"","public_post_metadata":{"breaking_news":"","important":"","csempe":"","center_tile":"","disable_thumbnail":"","target_lang":"","_featured_image_style":"","telegram_post":"","_xlat_group_id":""},"public_rank_math_data":{"title":"%titolo% %sep% %nomesito%","description":"","focus_keyword":"budapest","canonical_url":"","robots":"","primary_category":"1185","breadcrumb_title":"","facebook_title":"","facebook_description":"","facebook_image":"","facebook_image_id":"","twitter_title":"","twitter_description":"","twitter_image":"","twitter_image_id":"","twitter_card_type":"","twitter_use_facebook":"","advanced_robots":"","pillar_content":"","seo_score":"66","contentai_score":"","rich_snippet":""},"_links":{"self":[{"href":"https:\/\/dailynewshungary.com\/it\/wp-json\/wp\/v2\/posts\/717774","targetHints":{"allow":["GET"]}}],"collection":[{"href":"https:\/\/dailynewshungary.com\/it\/wp-json\/wp\/v2\/posts"}],"about":[{"href":"https:\/\/dailynewshungary.com\/it\/wp-json\/wp\/v2\/types\/post"}],"author":[{"embeddable":true,"href":"https:\/\/dailynewshungary.com\/it\/wp-json\/wp\/v2\/users\/2"}],"replies":[{"embeddable":true,"href":"https:\/\/dailynewshungary.com\/it\/wp-json\/wp\/v2\/comments?post=717774"}],"version-history":[{"count":0,"href":"https:\/\/dailynewshungary.com\/it\/wp-json\/wp\/v2\/posts\/717774\/revisions"}],"wp:featuredmedia":[{"embeddable":true,"href":"https:\/\/dailynewshungary.com\/it\/wp-json\/wp\/v2\/media\/717775"}],"wp:attachment":[{"href":"https:\/\/dailynewshungary.com\/it\/wp-json\/wp\/v2\/media?parent=717774"}],"wp:term":[{"taxonomy":"category","embeddable":true,"href":"https:\/\/dailynewshungary.com\/it\/wp-json\/wp\/v2\/categories?post=717774"},{"taxonomy":"post_tag","embeddable":true,"href":"https:\/\/dailynewshungary.com\/it\/wp-json\/wp\/v2\/tags?post=717774"}],"curies":[{"name":"wp","href":"https:\/\/api.w.org\/{rel}","templated":true}]}}