{"id":717798,"date":"2016-11-30T21:30:05","date_gmt":"2016-11-30T20:30:05","guid":{"rendered":"https:\/\/dailynewshungary.com\/it\/lungheria-invia-una-lettera-di-solidarieta-alla-polonia-per-il-disastro-della-miniera\/"},"modified":"2016-11-30T21:30:05","modified_gmt":"2016-11-30T20:30:05","slug":"lungheria-invia-una-lettera-di-solidarieta-alla-polonia-per-il-disastro-della-miniera","status":"publish","type":"post","link":"https:\/\/dailynewshungary.com\/it\/lungheria-invia-una-lettera-di-solidarieta-alla-polonia-per-il-disastro-della-miniera\/","title":{"rendered":"L\u2019Ungheria invia una lettera di solidariet\u00e0 alla Polonia per il disastro della miniera"},"content":{"rendered":"<p><strong>Budapest, 3 novembre (MTI) Il primo ministro Viktor Orb\u00e1n ha espresso solidariet\u00e0 a nome di tutti gli ungheresi alla controparte polacca Beata Szydlo per un disastro minerario causato da un terremoto che ha causato la morte di una sola vita e la scomparsa di diverse persone nel sud-ovest della Polonia, ha affermato il suo ha detto mercoled\u00ec il capo della stampa.<\/strong><\/p>\n<p>Orb\u00e1n ha espresso shock e ha detto di confidare che le persone disperse verranno portate in superficie nelle prossime ore. Ha offerto l&#8217;aiuto dell&#8217;Ungheria nell&#8217;operazione di salvataggio, ha detto Bertalan Havasi.<\/p>\n<p>Un minatore \u00e8 morto e sette sono scomparsi quando un pozzo \u00e8 crollato marted\u00ec a 1.100 metri sotto la superficie in una miniera di rame a Polkowice.<\/p>\n<p><em>Foto: MTI<\/em><\/p>\n","protected":false},"excerpt":{"rendered":"<p>Budapest, 3 novembre (MTI) Il primo ministro Viktor Orb\u00e1n ha espresso solidariet\u00e0 a nome di tutti gli ungheresi alla controparte polacca Beata Szydlo per un disastro minerario causato da un terremoto che ha causato la morte di una sola vita e la scomparsa di diverse persone nel sud-ovest della Polonia, ha affermato il suo ha [&hellip;]<\/p>\n","protected":false},"author":2,"featured_media":717799,"comment_status":"open","ping_status":"open","sticky":false,"template":"","format":"standard","meta":{"_display_image":"","footnotes":""},"categories":[1185],"tags":[1759,1481,1144,1083],"class_list":["post-717798","post","type-post","status-publish","format-standard","has-post-thumbnail","hentry","category-politica-in-ungheria","tag-condoglianze","tag-disastro","tag-polonia","tag-viktor-orban"],"blocksy_meta":[],"author_username":"alk","telegram_post":"","public_post_metadata":{"breaking_news":"","important":"","csempe":"","center_tile":"","disable_thumbnail":"","target_lang":"","_featured_image_style":"","telegram_post":"","_xlat_group_id":""},"public_rank_math_data":{"title":"%titolo% %sep% %nomesito%","description":"","focus_keyword":"polonia","canonical_url":"","robots":"","primary_category":"1185","breadcrumb_title":"","facebook_title":"","facebook_description":"","facebook_image":"","facebook_image_id":"","twitter_title":"","twitter_description":"","twitter_image":"","twitter_image_id":"","twitter_card_type":"","twitter_use_facebook":"","advanced_robots":"","pillar_content":"","seo_score":"57","contentai_score":"","rich_snippet":""},"_links":{"self":[{"href":"https:\/\/dailynewshungary.com\/it\/wp-json\/wp\/v2\/posts\/717798","targetHints":{"allow":["GET"]}}],"collection":[{"href":"https:\/\/dailynewshungary.com\/it\/wp-json\/wp\/v2\/posts"}],"about":[{"href":"https:\/\/dailynewshungary.com\/it\/wp-json\/wp\/v2\/types\/post"}],"author":[{"embeddable":true,"href":"https:\/\/dailynewshungary.com\/it\/wp-json\/wp\/v2\/users\/2"}],"replies":[{"embeddable":true,"href":"https:\/\/dailynewshungary.com\/it\/wp-json\/wp\/v2\/comments?post=717798"}],"version-history":[{"count":0,"href":"https:\/\/dailynewshungary.com\/it\/wp-json\/wp\/v2\/posts\/717798\/revisions"}],"wp:featuredmedia":[{"embeddable":true,"href":"https:\/\/dailynewshungary.com\/it\/wp-json\/wp\/v2\/media\/717799"}],"wp:attachment":[{"href":"https:\/\/dailynewshungary.com\/it\/wp-json\/wp\/v2\/media?parent=717798"}],"wp:term":[{"taxonomy":"category","embeddable":true,"href":"https:\/\/dailynewshungary.com\/it\/wp-json\/wp\/v2\/categories?post=717798"},{"taxonomy":"post_tag","embeddable":true,"href":"https:\/\/dailynewshungary.com\/it\/wp-json\/wp\/v2\/tags?post=717798"}],"curies":[{"name":"wp","href":"https:\/\/api.w.org\/{rel}","templated":true}]}}