{"id":718050,"date":"2016-11-21T16:16:42","date_gmt":"2016-11-21T15:16:42","guid":{"rendered":"https:\/\/dailynewshungary.com\/it\/riunione-intergovernativa-ungherese-serba-a-nis\/"},"modified":"2016-11-21T16:16:42","modified_gmt":"2016-11-21T15:16:42","slug":"riunione-intergovernativa-ungherese-serba-a-nis","status":"publish","type":"post","link":"https:\/\/dailynewshungary.com\/it\/riunione-intergovernativa-ungherese-serba-a-nis\/","title":{"rendered":"Riunione intergovernativa ungherese-serba a Nis"},"content":{"rendered":"<p><strong>Nis, 21 novembre (MTI) Il primo ministro Viktor Orb\u00e1n ha chiesto di rafforzare i legami economici tra Ungheria e Serbia in un incontro intergovernativo luned\u00ec.<\/strong><\/p>\n<p>Negli ultimi anni i due paesi hanno gettato le basi politiche della cooperazione economica bilaterale e ora \u00e8 giunto il momento di realizzare investimenti a beneficio di entrambi i paesi, ha detto Orb\u00e1n in una conferenza stampa a Nis, dove i governi di Ungheria e Serbia stanno tenendo una riunione congiunta del gabinetto.<\/p>\n<p>Orb\u00e1n ha affermato che le analisi mostrano che la Serbia \u00e8 sull\u2019orlo di un grande boom economico, che secondo lui creerebbe pi\u00f9 opportunit\u00e0 per gli investitori l\u00ec che mai.<\/p>\n<p>Il primo ministro ha promesso che l&#8217;Ungheria avrebbe realizzato solo progetti di investimento in Serbia che sono in linea con la strategia economica del paese Ha detto che l&#8217;Ungheria ha avuto esperienze sia buone che cattive con gli investitori stranieri, di cui quelle buone riguardavano gli investitori che avevano allineato i loro piani con la strategia economica del governo, creando progetti di investimento a lungo termine e redditizi.<\/p>\n<p>Orb\u00e1n ha detto che la Serbia dovrebbe investire anche in Ungheria Ha detto che, sebbene gli indicatori economici dell&#8217;Ungheria siano attualmente migliori di quelli della Serbia, gli indicatori dei due paesi alla fine si uniformeranno, garantendo relazioni bilaterali equilibrate Il sistema finanziario ungherese \u00e8 pronto ad assistere le imprese serbe nei loro investimenti in Ungheria, che il governo sosterr\u00e0 anche, ha aggiunto.<\/p>\n<p>Orb\u00e1n ha osservato che la Eximbank ungherese ha aperto una linea di credito da 61 milioni di euro per sostenere i legami commerciali ungherese-serbi, aggiungendo che la banca potrebbe fornire ancora pi\u00f9 credito se necessario.<\/p>\n<p>Per quanto riguarda la migrazione, Orb\u00e1n ha affermato che l&#8217;Ungheria sostiene ogni misura della Serbia volta a fermare l&#8217;immigrazione clandestina. Ci\u00f2 include aiutare il paese con manodopera, esperti o risorse finanziarie, ha affermato, aggiungendo che la stabilit\u00e0 della Serbia \u00e8 nell&#8217;interesse dell&#8217;Ungheria, dell&#8217;Europa centrale e del continente nel suo insieme.<\/p>\n<div id=\"gallery-3\" class=\"gallery galleryid-92925 gallery-columns-3 gallery-size-large\">\n<figure class=\"gallery-item\">\n<div class=\"gallery-icon landscape\">\n\t\t\t\t<a href=\"https:\/\/dailynewshungary.com\/it\/riunione-intergovernativa-ungherese-serba-a-nis\/\"><img loading=\"lazy\" decoding=\"async\" width=\"1024\" height=\"683\" src=\"https:\/\/contentf5.dailynewshungary.com\/wp-content\/uploads\/2016\/11\/D_MTI20161120005-1024x683.jpg\" class=\"attachment-large size-large\" alt=\"D MTI X\" srcset=\"https:\/\/contentf5.dailynewshungary.com\/wp-content\/uploads\/2016\/11\/D_MTI20161120005-1024x683.jpg 1024w, https:\/\/contentf5.dailynewshungary.com\/wp-content\/uploads\/2016\/11\/D_MTI20161120005-300x200.jpg 300w, https:\/\/contentf5.dailynewshungary.com\/wp-content\/uploads\/2016\/11\/D_MTI20161120005-768x512.jpg 768w, https:\/\/contentf5.dailynewshungary.com\/wp-content\/uploads\/2016\/11\/D_MTI20161120005-220x147.jpg 220w, https:\/\/contentf5.dailynewshungary.com\/wp-content\/uploads\/2016\/11\/D_MTI20161120005-610x407.jpg 610w, https:\/\/contentf5.dailynewshungary.com\/wp-content\/uploads\/2016\/11\/D_MTI20161120005-1080x720.jpg 1080w\" sizes=\"auto, (max-width: 1024px) 100vw, 1024px\"><\/a>\n\t\t\t<\/div>\n<\/figure>\n<figure class=\"gallery-item\">\n<div class=\"gallery-icon landscape\">\n\t\t\t\t<a href=\"https:\/\/dailynewshungary.com\/it\/riunione-intergovernativa-ungherese-serba-a-nis\/\"><img loading=\"lazy\" decoding=\"async\" width=\"1024\" height=\"683\" src=\"https:\/\/contentf5.dailynewshungary.com\/wp-content\/uploads\/2016\/11\/D_MTI20161120002-1024x683.jpg\" class=\"attachment-large size-large\" alt=\"D MTI X\" srcset=\"https:\/\/contentf5.dailynewshungary.com\/wp-content\/uploads\/2016\/11\/D_MTI20161120002-1024x683.jpg 1024w, https:\/\/contentf5.dailynewshungary.com\/wp-content\/uploads\/2016\/11\/D_MTI20161120002-300x200.jpg 300w, https:\/\/contentf5.dailynewshungary.com\/wp-content\/uploads\/2016\/11\/D_MTI20161120002-768x512.jpg 768w, https:\/\/contentf5.dailynewshungary.com\/wp-content\/uploads\/2016\/11\/D_MTI20161120002-220x147.jpg 220w, https:\/\/contentf5.dailynewshungary.com\/wp-content\/uploads\/2016\/11\/D_MTI20161120002-610x407.jpg 610w, https:\/\/contentf5.dailynewshungary.com\/wp-content\/uploads\/2016\/11\/D_MTI20161120002-1080x720.jpg 1080w\" sizes=\"auto, (max-width: 1024px) 100vw, 1024px\"><\/a>\n\t\t\t<\/div>\n<\/figure>\n<figure class=\"gallery-item\">\n<div class=\"gallery-icon landscape\">\n\t\t\t\t<a href=\"https:\/\/dailynewshungary.com\/it\/riunione-intergovernativa-ungherese-serba-a-nis\/\"><img loading=\"lazy\" decoding=\"async\" width=\"1024\" height=\"683\" src=\"https:\/\/contentf5.dailynewshungary.com\/wp-content\/uploads\/2016\/11\/D_MTI20161120004-1024x683.jpg\" class=\"attachment-large size-large\" alt=\"D MTI X\" srcset=\"https:\/\/contentf5.dailynewshungary.com\/wp-content\/uploads\/2016\/11\/D_MTI20161120004-1024x683.jpg 1024w, https:\/\/contentf5.dailynewshungary.com\/wp-content\/uploads\/2016\/11\/D_MTI20161120004-300x200.jpg 300w, https:\/\/contentf5.dailynewshungary.com\/wp-content\/uploads\/2016\/11\/D_MTI20161120004-768x512.jpg 768w, https:\/\/contentf5.dailynewshungary.com\/wp-content\/uploads\/2016\/11\/D_MTI20161120004-220x147.jpg 220w, https:\/\/contentf5.dailynewshungary.com\/wp-content\/uploads\/2016\/11\/D_MTI20161120004-610x407.jpg 610w, https:\/\/contentf5.dailynewshungary.com\/wp-content\/uploads\/2016\/11\/D_MTI20161120004-1080x720.jpg 1080w\" sizes=\"auto, (max-width: 1024px) 100vw, 1024px\"><\/a>\n\t\t\t<\/div>\n<\/figure>\n<figure class=\"gallery-item\">\n<div class=\"gallery-icon landscape\">\n\t\t\t\t<a href=\"https:\/\/dailynewshungary.com\/it\/riunione-intergovernativa-ungherese-serba-a-nis\/\"><img loading=\"lazy\" decoding=\"async\" width=\"1024\" height=\"683\" src=\"https:\/\/contentf5.dailynewshungary.com\/wp-content\/uploads\/2016\/11\/D_MTI20161121009-1024x683.jpg\" class=\"attachment-large size-large\" alt=\"D MTI X\" srcset=\"https:\/\/contentf5.dailynewshungary.com\/wp-content\/uploads\/2016\/11\/D_MTI20161121009-1024x683.jpg 1024w, https:\/\/contentf5.dailynewshungary.com\/wp-content\/uploads\/2016\/11\/D_MTI20161121009-300x200.jpg 300w, https:\/\/contentf5.dailynewshungary.com\/wp-content\/uploads\/2016\/11\/D_MTI20161121009-768x512.jpg 768w, https:\/\/contentf5.dailynewshungary.com\/wp-content\/uploads\/2016\/11\/D_MTI20161121009-220x147.jpg 220w, https:\/\/contentf5.dailynewshungary.com\/wp-content\/uploads\/2016\/11\/D_MTI20161121009-610x407.jpg 610w, https:\/\/contentf5.dailynewshungary.com\/wp-content\/uploads\/2016\/11\/D_MTI20161121009-1080x720.jpg 1080w\" sizes=\"auto, (max-width: 1024px) 100vw, 1024px\"><\/a>\n\t\t\t<\/div>\n<\/figure>\n<figure class=\"gallery-item\">\n<div class=\"gallery-icon landscape\">\n\t\t\t\t<a href=\"https:\/\/dailynewshungary.com\/it\/riunione-intergovernativa-ungherese-serba-a-nis\/\"><img loading=\"lazy\" decoding=\"async\" width=\"1024\" height=\"683\" src=\"https:\/\/contentf5.dailynewshungary.com\/wp-content\/uploads\/2016\/11\/D_MTI20161121003-1024x683.jpg\" class=\"attachment-large size-large\" alt=\"D MTI X\" srcset=\"https:\/\/contentf5.dailynewshungary.com\/wp-content\/uploads\/2016\/11\/D_MTI20161121003-1024x683.jpg 1024w, https:\/\/contentf5.dailynewshungary.com\/wp-content\/uploads\/2016\/11\/D_MTI20161121003-300x200.jpg 300w, https:\/\/contentf5.dailynewshungary.com\/wp-content\/uploads\/2016\/11\/D_MTI20161121003-768x512.jpg 768w, https:\/\/contentf5.dailynewshungary.com\/wp-content\/uploads\/2016\/11\/D_MTI20161121003-220x147.jpg 220w, https:\/\/contentf5.dailynewshungary.com\/wp-content\/uploads\/2016\/11\/D_MTI20161121003-610x407.jpg 610w, https:\/\/contentf5.dailynewshungary.com\/wp-content\/uploads\/2016\/11\/D_MTI20161121003-1080x720.jpg 1080w\" sizes=\"auto, (max-width: 1024px) 100vw, 1024px\"><\/a>\n\t\t\t<\/div>\n<\/figure>\n<figure class=\"gallery-item\">\n<div class=\"gallery-icon landscape\">\n\t\t\t\t<a href=\"https:\/\/dailynewshungary.com\/it\/riunione-intergovernativa-ungherese-serba-a-nis\/\"><img loading=\"lazy\" decoding=\"async\" width=\"1024\" height=\"683\" src=\"https:\/\/contentf5.dailynewshungary.com\/wp-content\/uploads\/2016\/11\/D_MTI20161121004-1024x683.jpg\" class=\"attachment-large size-large\" alt=\"D MTI X\" srcset=\"https:\/\/contentf5.dailynewshungary.com\/wp-content\/uploads\/2016\/11\/D_MTI20161121004-1024x683.jpg 1024w, https:\/\/contentf5.dailynewshungary.com\/wp-content\/uploads\/2016\/11\/D_MTI20161121004-300x200.jpg 300w, https:\/\/contentf5.dailynewshungary.com\/wp-content\/uploads\/2016\/11\/D_MTI20161121004-768x512.jpg 768w, https:\/\/contentf5.dailynewshungary.com\/wp-content\/uploads\/2016\/11\/D_MTI20161121004-220x147.jpg 220w, https:\/\/contentf5.dailynewshungary.com\/wp-content\/uploads\/2016\/11\/D_MTI20161121004-610x407.jpg 610w, https:\/\/contentf5.dailynewshungary.com\/wp-content\/uploads\/2016\/11\/D_MTI20161121004-1080x720.jpg 1080w\" sizes=\"auto, (max-width: 1024px) 100vw, 1024px\"><\/a>\n\t\t\t<\/div>\n<\/figure>\n<figure class=\"gallery-item\">\n<div class=\"gallery-icon landscape\">\n\t\t\t\t<a href=\"https:\/\/dailynewshungary.com\/it\/riunione-intergovernativa-ungherese-serba-a-nis\/\"><img loading=\"lazy\" decoding=\"async\" width=\"1024\" height=\"683\" src=\"https:\/\/contentf5.dailynewshungary.com\/wp-content\/uploads\/2016\/11\/D_MTI20161121001-1024x683.jpg\" class=\"attachment-large size-large\" alt=\"D MTI X\" srcset=\"https:\/\/contentf5.dailynewshungary.com\/wp-content\/uploads\/2016\/11\/D_MTI20161121001-1024x683.jpg 1024w, https:\/\/contentf5.dailynewshungary.com\/wp-content\/uploads\/2016\/11\/D_MTI20161121001-300x200.jpg 300w, https:\/\/contentf5.dailynewshungary.com\/wp-content\/uploads\/2016\/11\/D_MTI20161121001-768x512.jpg 768w, https:\/\/contentf5.dailynewshungary.com\/wp-content\/uploads\/2016\/11\/D_MTI20161121001-220x147.jpg 220w, https:\/\/contentf5.dailynewshungary.com\/wp-content\/uploads\/2016\/11\/D_MTI20161121001-610x407.jpg 610w, https:\/\/contentf5.dailynewshungary.com\/wp-content\/uploads\/2016\/11\/D_MTI20161121001-1080x720.jpg 1080w\" sizes=\"auto, (max-width: 1024px) 100vw, 1024px\"><\/a>\n\t\t\t<\/div>\n<\/figure><\/div>\n<p>Orban ha elogiato il trattamento riservato dalla Serbia alle comunit\u00e0 ungheresi che vivono l\u00ec, affermando che la politica delle minoranze del paese \u00e8 tra le pi\u00f9 giuste d&#8217;Europa. Orb\u00e1n ha detto che anche i serbi che vivono in Ungheria possono contare sul governo ungherese.<\/p>\n<p>Egli ha osservato che l&#8217;Ungheria e la Serbia apriranno due nuovi valichi di frontiera.<\/p>\n<p>Orb\u00e1n ha sottolineato l&#8217;importanza della cooperazione nel settore dell&#8217;approvvigionamento di gas Ha osservato che la Serbia ottiene il suo gas attraverso l&#8217;Ungheria, sottolineando che l&#8217;approvvigionamento di gas del paese non \u00e8 mai stato messo in pericolo a causa dell&#8217;Ungheria, n\u00e9 sar\u00e0 mai cos\u00ec in futuro Ha offerto alla Serbia la possibilit\u00e0 di immagazzinare riserve di gas in Ungheria Orb\u00e1n ha affermato che, sebbene la Commissione europea abbia posto il veto alla costruzione del gasdotto South Stream, \u00e8 nell&#8217;interesse di entrambi i paesi che il gasdotto venga infine costruito.<\/p>\n<p>Prima della conferenza stampa, il ministro degli Esteri ungherese Peter Szijj\u00e1rt\u00f3 e Jadranka Joksimovic, ministro della Serbia senza portafoglio responsabile dell&#8217;integrazione nell&#8217;UE, hanno firmato l&#8217;agenda 2016-17 allegata al memorandum d&#8217;intesa che dichiara il sostegno dell&#8217;Ungheria ai colloqui di adesione all&#8217;UE. Il ministro nazionale dello sviluppo dell&#8217;Ungheria e il ministro serbo per le costruzioni, i trasporti e le infrastrutture hanno firmato un accordo sull&#8217;apertura del fiume Tibisco alle navi battenti bandiere diverse da quelle di Ungheria e Serbia.<\/p>\n<p><em>Foto: MTI<\/em><\/p>\n","protected":false},"excerpt":{"rendered":"<p>Nis, 21 novembre (MTI) Il primo ministro Viktor Orb\u00e1n ha chiesto di rafforzare i legami economici tra Ungheria e Serbia in un incontro intergovernativo luned\u00ec. Negli ultimi anni i due paesi hanno gettato le basi politiche della cooperazione economica bilaterale e ora \u00e8 giunto il momento di realizzare investimenti a beneficio di entrambi i paesi, [&hellip;]<\/p>\n","protected":false},"author":2,"featured_media":718051,"comment_status":"open","ping_status":"open","sticky":false,"template":"","format":"standard","meta":{"_display_image":"","footnotes":""},"categories":[1185],"tags":[1317,1075,1083],"class_list":["post-718050","post","type-post","status-publish","format-standard","has-post-thumbnail","hentry","category-politica-in-ungheria","tag-serbia","tag-unione-europea","tag-viktor-orban"],"blocksy_meta":[],"author_username":"alk","telegram_post":"","public_post_metadata":{"breaking_news":"","important":"","csempe":"","center_tile":"","disable_thumbnail":"","target_lang":"","_featured_image_style":"","telegram_post":"","_xlat_group_id":""},"public_rank_math_data":{"title":"%titolo% %sep% %nomesito%","description":"","focus_keyword":"Serbia Ungheria","canonical_url":"","robots":"","primary_category":"1185","breadcrumb_title":"","facebook_title":"","facebook_description":"","facebook_image":"","facebook_image_id":"","twitter_title":"","twitter_description":"","twitter_image":"","twitter_image_id":"","twitter_card_type":"","twitter_use_facebook":"","advanced_robots":"","pillar_content":"","seo_score":"4","contentai_score":"","rich_snippet":""},"_links":{"self":[{"href":"https:\/\/dailynewshungary.com\/it\/wp-json\/wp\/v2\/posts\/718050","targetHints":{"allow":["GET"]}}],"collection":[{"href":"https:\/\/dailynewshungary.com\/it\/wp-json\/wp\/v2\/posts"}],"about":[{"href":"https:\/\/dailynewshungary.com\/it\/wp-json\/wp\/v2\/types\/post"}],"author":[{"embeddable":true,"href":"https:\/\/dailynewshungary.com\/it\/wp-json\/wp\/v2\/users\/2"}],"replies":[{"embeddable":true,"href":"https:\/\/dailynewshungary.com\/it\/wp-json\/wp\/v2\/comments?post=718050"}],"version-history":[{"count":0,"href":"https:\/\/dailynewshungary.com\/it\/wp-json\/wp\/v2\/posts\/718050\/revisions"}],"wp:featuredmedia":[{"embeddable":true,"href":"https:\/\/dailynewshungary.com\/it\/wp-json\/wp\/v2\/media\/718051"}],"wp:attachment":[{"href":"https:\/\/dailynewshungary.com\/it\/wp-json\/wp\/v2\/media?parent=718050"}],"wp:term":[{"taxonomy":"category","embeddable":true,"href":"https:\/\/dailynewshungary.com\/it\/wp-json\/wp\/v2\/categories?post=718050"},{"taxonomy":"post_tag","embeddable":true,"href":"https:\/\/dailynewshungary.com\/it\/wp-json\/wp\/v2\/tags?post=718050"}],"curies":[{"name":"wp","href":"https:\/\/api.w.org\/{rel}","templated":true}]}}