{"id":718149,"date":"2016-11-17T13:11:17","date_gmt":"2016-11-17T12:11:17","guid":{"rendered":"https:\/\/dailynewshungary.com\/it\/lungheria-abbassera-laliquota-dellimposta-sulle-societa-a-9-pc-a-partire-dal-prossimo-anno-aggiornamento\/"},"modified":"2016-11-17T13:11:17","modified_gmt":"2016-11-17T12:11:17","slug":"lungheria-abbassera-laliquota-dellimposta-sulle-societa-a-9-pc-a-partire-dal-prossimo-anno-aggiornamento","status":"publish","type":"post","link":"https:\/\/dailynewshungary.com\/it\/lungheria-abbassera-laliquota-dellimposta-sulle-societa-a-9-pc-a-partire-dal-prossimo-anno-aggiornamento\/","title":{"rendered":"L\u2019Ungheria abbasser\u00e0 l\u2019aliquota dell\u2019imposta sulle societ\u00e0 a 9 pc a partire dal prossimo anno AGGIORNAMENTO"},"content":{"rendered":"<p><strong>Budapest, 17 novembre (MTI) L&#8217;aliquota dell&#8217;imposta sulle societ\u00e0 in Ungheria sar\u00e0 abbassata al 9% l&#8217;anno prossimo, ha detto gioved\u00ec in conferenza il primo ministro Viktor Orb\u00e1n.<\/strong><\/p>\n<p>Il tasso si applicher\u00e0 alle grandi aziende e alle PMI, ha affermato Orb\u00e1n.<\/p>\n<p>Attualmente, l&#8217;aliquota dell&#8217;imposta sulle societ\u00e0 \u00e8 del 10% su una base imponibile fino a 500 milioni di fiorini (1,6 milioni di euro) e del 19% su quella base.<\/p>\n<p>Mercoled\u00ec il governo ha preso una decisione sull&#8217;aliquota dell&#8217;imposta sulle societ\u00e0 in una riunione, sulla base di una proposta del ministro dell&#8217;Economia e delle decisioni prese in precedenza sulle imposte sui salari, ha detto il primo ministro.<\/p>\n<p>Orb\u00e1n ha detto di aver chiesto al ministro dell&#8217;Economia Mih\u00e1ly Varga di fare tutto il possibile per aumentare il salario minimo a un livello che le imprese possono ancora sopportare.<\/p>\n<p>Intervenendo alla Conferenza digitale regionale di Budapest, Orb\u00e1n ha affermato di aver chiesto alla Commissione europea di consentire agli Stati membri con la forza fiscale necessaria di abbassare le aliquote IVA sui servizi digitali se ci\u00f2 serve alle loro politiche industriali.<\/p>\n<figure id=\"attachment_92466\" aria-describedby=\"caption-attachment-92466\" style=\"width: 1024px\" class=\"wp-caption aligncenter\"><a href=\"https:\/\/dailynewshungary.com\/wp-content\/uploads\/2016\/11\/D_KOS20161117014.jpg\" data-pswp-width=\"\" data-pswp-height=\"\" data-cropped=\"true\"><img loading=\"lazy\" decoding=\"async\" class=\"size-large wp-image-92466\" src=\"https:\/\/dailynewshungary.com\/wp-content\/uploads\/2016\/11\/D_KOS20161117014-1024x683.jpg\" alt=\"Foto: MTI\" width=\"1024\" height=\"683\" srcset=\"https:\/\/contentf5.dailynewshungary.com\/wp-content\/uploads\/2016\/11\/D_KOS20161117014-1024x683.jpg 1024w, https:\/\/contentf5.dailynewshungary.com\/wp-content\/uploads\/2016\/11\/D_KOS20161117014-300x200.jpg 300w, https:\/\/contentf5.dailynewshungary.com\/wp-content\/uploads\/2016\/11\/D_KOS20161117014-768x512.jpg 768w, https:\/\/contentf5.dailynewshungary.com\/wp-content\/uploads\/2016\/11\/D_KOS20161117014-220x147.jpg 220w, https:\/\/contentf5.dailynewshungary.com\/wp-content\/uploads\/2016\/11\/D_KOS20161117014-610x407.jpg 610w, https:\/\/contentf5.dailynewshungary.com\/wp-content\/uploads\/2016\/11\/D_KOS20161117014-1080x720.jpg 1080w\" sizes=\"auto, (max-width: 1024px) 100vw, 1024px\"><\/a><figcaption id=\"caption-attachment-92466\" class=\"wp-caption-text\">Foto: MTI<\/figcaption><\/figure>\n<p>Orb\u00e1n ha detto che chieder\u00e0 al commissario europeo per l&#8217;Economia e la societ\u00e0 digitale Gunther Oettinger di sostenere l&#8217;inclusione dei servizi digitali tra le esigenze fondamentali di\u201c\u201d.<\/p>\n<p>Ha osservato che Bruxelles non sostiene il piano dell&#8217;Ungheria di ridurre l&#8217;aliquota IVA sui servizi Internet dal 27% al 18% l&#8217;anno prossimo e al 5% a partire dal 2018.<\/p>\n<p>Il primo ministro ha affermato che la digitalizzazione dovrebbe servire la \u201ccommon good\u201d mentre i suoi effetti dannosi dovrebbero essere ridotti. Ci\u00f2 significa che tutti dovrebbero essere in grado di trarre profitto dalle opportunit\u00e0 offerte dalla digitalizzazione, ha affermato Orb\u00e1n. Per quanto riguarda i pericoli di Internet, ha osservato che proteggere i bambini dai contenuti dannosi \u00e8 una parte fondamentale della strategia digitale ungherese. Orb\u00e1n ha sottolineato che la sicurezza informatica \u00e8 un altro settore importante e ha sottolineato la necessit\u00e0 di ridurre al minimo le minacce alla sicurezza nazionale derivanti dalla digitalizzazione.<\/p>\n<p>Supponendo che la \u201craw material\u201d del 21\u00b0 secolo sia un dato, la memorizzazione dei dati europei nel cloud europeo \u00e8 un interesse fondamentale per la sicurezza nazionale per i paesi europei, ha sostenuto Orb\u00e1n.<\/p>\n<p>Il primo ministro ha affermato che \u00e8 una possibilit\u00e0 realistica che la digitalizzazione possa creare tanti posti di lavoro quanti ne rende ridondanti, ma solo se lo Stato, i datori di lavoro e i dipendenti lavorano tutti insieme.<\/p>\n<p>Il ministro dell&#8217;Economia Mih\u00e1ly Varga ha affermato che l&#8217;abbassamento dell&#8217;aliquota dell&#8217;imposta sulle societ\u00e0 farebbe risparmiare alle aziende 145 miliardi di fiorini. Il nuovo sistema di imposta sulle societ\u00e0 ungherese sar\u00e0 il pi\u00f9 favorevole nell&#8217;Unione europea, ha affermato.<\/p>\n<p>Il ministro ha detto che il governo vuole raggiungere un accordo con i rappresentanti dei datori di lavoro e dei dipendenti sulle sue proposte fiscali e sul salario minimo per il 2017 e il 2018 entro la fine della settimana Se si raggiunge un accordo, il governo pu\u00f2 presentare un disegno di legge al parlamento gi\u00e0 la prossima settimana e le modifiche possono entrare in vigore dal 1\u00b0 gennaio, ha detto Questo fornir\u00e0 una solida base per il tasso di crescita economica per salire dall&#8217;attuale 2-3 per cento a circa il 3-5 per cento, ha detto Varga.<\/p>\n<p>Rispondendo a una domanda, Varga ha detto che il bilancio non dovrebbe essere modificato, poich\u00e9 i 200 miliardi di fiorini di riserve dovrebbero essere sufficienti per accogliere i cambiamenti.<\/p>\n","protected":false},"excerpt":{"rendered":"<p>Budapest, 17 novembre (MTI) L&#8217;aliquota dell&#8217;imposta sulle societ\u00e0 in Ungheria sar\u00e0 abbassata al 9% l&#8217;anno prossimo, ha detto gioved\u00ec in conferenza il primo ministro Viktor Orb\u00e1n. Il tasso si applicher\u00e0 alle grandi aziende e alle PMI, ha affermato Orb\u00e1n. Attualmente, l&#8217;aliquota dell&#8217;imposta sulle societ\u00e0 \u00e8 del 10% su una base imponibile fino a 500 milioni [&hellip;]<\/p>\n","protected":false},"author":2,"featured_media":718150,"comment_status":"open","ping_status":"open","sticky":false,"template":"","format":"standard","meta":{"_display_image":"","footnotes":""},"categories":[1314],"tags":[1132,1318,1083],"class_list":["post-718149","post","type-post","status-publish","format-standard","has-post-thumbnail","hentry","category-economia-in-ungheria","tag-economia","tag-tasse","tag-viktor-orban"],"blocksy_meta":[],"author_username":"alk","telegram_post":"","public_post_metadata":{"breaking_news":"","important":"","csempe":"","center_tile":"","disable_thumbnail":"","target_lang":"","_featured_image_style":"","telegram_post":"","_xlat_group_id":""},"public_rank_math_data":{"title":"%titolo% %sep% %nomesito%","description":"","focus_keyword":"imposta societaria","canonical_url":"","robots":"","primary_category":"1314","breadcrumb_title":"","facebook_title":"","facebook_description":"","facebook_image":"","facebook_image_id":"","twitter_title":"","twitter_description":"","twitter_image":"","twitter_image_id":"","twitter_card_type":"","twitter_use_facebook":"","advanced_robots":"","pillar_content":"","seo_score":"60","contentai_score":"","rich_snippet":""},"_links":{"self":[{"href":"https:\/\/dailynewshungary.com\/it\/wp-json\/wp\/v2\/posts\/718149","targetHints":{"allow":["GET"]}}],"collection":[{"href":"https:\/\/dailynewshungary.com\/it\/wp-json\/wp\/v2\/posts"}],"about":[{"href":"https:\/\/dailynewshungary.com\/it\/wp-json\/wp\/v2\/types\/post"}],"author":[{"embeddable":true,"href":"https:\/\/dailynewshungary.com\/it\/wp-json\/wp\/v2\/users\/2"}],"replies":[{"embeddable":true,"href":"https:\/\/dailynewshungary.com\/it\/wp-json\/wp\/v2\/comments?post=718149"}],"version-history":[{"count":0,"href":"https:\/\/dailynewshungary.com\/it\/wp-json\/wp\/v2\/posts\/718149\/revisions"}],"wp:featuredmedia":[{"embeddable":true,"href":"https:\/\/dailynewshungary.com\/it\/wp-json\/wp\/v2\/media\/718150"}],"wp:attachment":[{"href":"https:\/\/dailynewshungary.com\/it\/wp-json\/wp\/v2\/media?parent=718149"}],"wp:term":[{"taxonomy":"category","embeddable":true,"href":"https:\/\/dailynewshungary.com\/it\/wp-json\/wp\/v2\/categories?post=718149"},{"taxonomy":"post_tag","embeddable":true,"href":"https:\/\/dailynewshungary.com\/it\/wp-json\/wp\/v2\/tags?post=718149"}],"curies":[{"name":"wp","href":"https:\/\/api.w.org\/{rel}","templated":true}]}}