{"id":718218,"date":"2016-11-14T22:00:50","date_gmt":"2016-11-14T21:00:50","guid":{"rendered":"https:\/\/dailynewshungary.com\/it\/ministro-degli-esteri-ungherese-necessario-un-atteggiamento-razionale-e-freddo-nei-confronti-della-turchia\/"},"modified":"2016-11-14T22:00:50","modified_gmt":"2016-11-14T21:00:50","slug":"ministro-degli-esteri-ungherese-necessario-un-atteggiamento-razionale-e-freddo-nei-confronti-della-turchia","status":"publish","type":"post","link":"https:\/\/dailynewshungary.com\/it\/ministro-degli-esteri-ungherese-necessario-un-atteggiamento-razionale-e-freddo-nei-confronti-della-turchia\/","title":{"rendered":"Ministro degli Esteri ungherese: necessario un atteggiamento razionale e freddo nei confronti della Turchia"},"content":{"rendered":"<p>&nbsp;<\/p>\n<p><strong>Bruxelles, 4 novembre (MTI) 1 Un approccio razionale e freddo \u00e8 necessario nella situazione attuale per quanto riguarda la Turchia, poich\u00e9 la sicurezza dell&#8217;Europa inizia con la stabilit\u00e0 turca, ha detto ai giornalisti P\u00e9ter Szijj\u00e1rt\u00f3, ministro degli Esteri, a margine di una riunione dei ministri degli Esteri e della Difesa europei luned\u00ec.<\/strong><\/p>\n<p>Szijj\u00e1rt\u00f3 ha affermato che l&#8217;accordo tra l&#8217;Unione Europea e la Turchia sulla migrazione mette la sicurezza e la stabilit\u00e0 europea nelle mani di Ankara. Potrebbero verificarsi gravi difficolt\u00e0 per l&#8217;Europa se il patto fallisse o venisse sospeso, ha affermato, aggiungendo che il punto di vista dell&#8217;Ungheria \u00e8 che qualsiasi critica alla Turchia dovrebbe essere formulata con grande attenzione perch\u00e9 se la Turchia dovesse finire in uno stato di instabilit\u00e0, ci\u00f2 potrebbe portare a debolezze nella sicurezza europea.<\/p>\n<p>A proposito del programma di partenariato orientale dell&#8217;UE, Szijj\u00e1rt\u00f3 ha affermato che la credibilit\u00e0 del blocco \u00e8 stata \u201cat stake\u201d perch\u00e9 non \u00e8 riuscito a mantenere gli impegni assunti in Georgia o Ucraina, che secondo lui hanno soddisfatto tutti i requisiti necessari affinch\u00e9 l&#8217;UE possa concedere un visto. status di esenzione ai propri cittadini. \u201cAlcuni Stati membri e istituzioni dell&#8217;UE\u201d stavano creando nuove condizioni non menzionate quando sono iniziati i colloqui, ha insistito Szijjarto. L&#8217;UE deve aiutare i paesi disposti a \u201c a intraprendere la strada dell&#8217;integrazione europea o euro-atlantica\u201d, ha aggiunto.<\/p>\n<p style=\"text-align: center;\">[pulsante link=\u201dhttps:\/\/dailynewshungary.com\/tag\/turkey\/\u201d color=\u201d\u201d newwindow=\u201dyes\u201d] Per saperne di pi\u00f9 su TURKISH-HUNGARIAN RELATIONS TURKEY[\/button]<\/p>\n<p>I ministri nella riunione di luned\u00ec hanno proposto che si tenga una conferenza di associazione con i rappresentanti dell&#8217;UE e dell&#8217;Egitto, ha detto Szijj\u00e1rt\u00f3, aggiungendo che la stabilit\u00e0 dell&#8217;Egitto \u00e8 cruciale per l&#8217;Europa, ha anche osservato che i ministri degli Esteri dei paesi di Visegrad stanno progettando di incontrare la loro controparte egiziana il 20 dicembre.<\/p>\n<p>Per quanto riguarda il progetto di strategia globale di sicurezza e difesa dell&#8217;UE, Szijj\u00e1rt\u00f3 ha affermato che i partecipanti all&#8217;incontro hanno adottato un passaggio proposto dall&#8217;Ungheria volto a fermare l&#8217;immigrazione clandestina, ha affermato che non esiste una strategia di sicurezza senza fermare l&#8217;afflusso di migranti\u201d, sostenendo che la migrazione incontrollata aumenta il rischio di un attacco terroristico e potrebbe portare all&#8217;instabilit\u00e0.<\/p>\n<p style=\"text-align: center;\">[collegamento pulsante=\u201dhttps:\/\/dailynewshungary.com\/ottoman-shrine-project-budapest-symbol-good-relations-turkey\/\u201d color=\u201dgreen\u201d newwindow=\u201d\u201d] Articolo correlato: PROGETTO SANTUARIO OTTOMANO A BUDAPEST SIMBOLO DI BUONE RELAZIONI CON LA TURCHIA[pulsante]<\/p>\n<p>Szijj\u00e1rt\u00f3 ha affermato che la distribuzione dei migranti in regime di quote trasmetteva \u201cil messaggio sbagliato\u201d, suggerendo ai migranti che potevano venire in Europa in sicurezza perch\u00e9 era in atto un meccanismo per garantire il loro alloggio. Gli sforzi, tuttavia, dovrebbero concentrarsi sulla riduzione della pressione migratoria, ha aggiunto.<\/p>\n","protected":false},"excerpt":{"rendered":"<p>&nbsp; Bruxelles, 4 novembre (MTI) 1 Un approccio razionale e freddo \u00e8 necessario nella situazione attuale per quanto riguarda la Turchia, poich\u00e9 la sicurezza dell&#8217;Europa inizia con la stabilit\u00e0 turca, ha detto ai giornalisti P\u00e9ter Szijj\u00e1rt\u00f3, ministro degli Esteri, a margine di una riunione dei ministri degli Esteri e della Difesa europei luned\u00ec. Szijj\u00e1rt\u00f3 ha [&hellip;]<\/p>\n","protected":false},"author":2,"featured_media":718219,"comment_status":"open","ping_status":"open","sticky":false,"template":"","format":"standard","meta":{"_display_image":"","footnotes":""},"categories":[1185],"tags":[1092,1086,1075],"class_list":["post-718218","post","type-post","status-publish","format-standard","has-post-thumbnail","hentry","category-politica-in-ungheria","tag-ministero-degli-affari-esteri-dellungheria","tag-turchia","tag-unione-europea"],"blocksy_meta":[],"author_username":"alk","telegram_post":"","public_post_metadata":{"breaking_news":"","important":"","csempe":"","center_tile":"","disable_thumbnail":"","target_lang":"","_featured_image_style":"","telegram_post":"","_xlat_group_id":""},"public_rank_math_data":{"title":"%titolo% %sep% %nomesito%","description":"","focus_keyword":"turchia ungheria","canonical_url":"","robots":"","primary_category":"1185","breadcrumb_title":"","facebook_title":"","facebook_description":"","facebook_image":"","facebook_image_id":"","twitter_title":"","twitter_description":"","twitter_image":"","twitter_image_id":"","twitter_card_type":"","twitter_use_facebook":"","advanced_robots":"","pillar_content":"","seo_score":"2","contentai_score":"","rich_snippet":""},"_links":{"self":[{"href":"https:\/\/dailynewshungary.com\/it\/wp-json\/wp\/v2\/posts\/718218","targetHints":{"allow":["GET"]}}],"collection":[{"href":"https:\/\/dailynewshungary.com\/it\/wp-json\/wp\/v2\/posts"}],"about":[{"href":"https:\/\/dailynewshungary.com\/it\/wp-json\/wp\/v2\/types\/post"}],"author":[{"embeddable":true,"href":"https:\/\/dailynewshungary.com\/it\/wp-json\/wp\/v2\/users\/2"}],"replies":[{"embeddable":true,"href":"https:\/\/dailynewshungary.com\/it\/wp-json\/wp\/v2\/comments?post=718218"}],"version-history":[{"count":0,"href":"https:\/\/dailynewshungary.com\/it\/wp-json\/wp\/v2\/posts\/718218\/revisions"}],"wp:featuredmedia":[{"embeddable":true,"href":"https:\/\/dailynewshungary.com\/it\/wp-json\/wp\/v2\/media\/718219"}],"wp:attachment":[{"href":"https:\/\/dailynewshungary.com\/it\/wp-json\/wp\/v2\/media?parent=718218"}],"wp:term":[{"taxonomy":"category","embeddable":true,"href":"https:\/\/dailynewshungary.com\/it\/wp-json\/wp\/v2\/categories?post=718218"},{"taxonomy":"post_tag","embeddable":true,"href":"https:\/\/dailynewshungary.com\/it\/wp-json\/wp\/v2\/tags?post=718218"}],"curies":[{"name":"wp","href":"https:\/\/api.w.org\/{rel}","templated":true}]}}