{"id":718224,"date":"2016-11-14T18:40:37","date_gmt":"2016-11-14T17:40:37","guid":{"rendered":"https:\/\/dailynewshungary.com\/it\/ministro-degli-esteri-lungheria-non-partecipera-allisteria-dellelite-europea\/"},"modified":"2016-11-14T18:40:37","modified_gmt":"2016-11-14T17:40:37","slug":"ministro-degli-esteri-lungheria-non-partecipera-allisteria-dellelite-europea","status":"publish","type":"post","link":"https:\/\/dailynewshungary.com\/it\/ministro-degli-esteri-lungheria-non-partecipera-allisteria-dellelite-europea\/","title":{"rendered":"Ministro degli Esteri: l\u2019Ungheria non parteciper\u00e0 all'\u201disteria dell\u2019\u00e9lite europea\u201d"},"content":{"rendered":"<p>&nbsp;<\/p>\n<p><strong>Bruxelles, 4 novembre (MTI) 1 Ungheria rifiuta di avere a che fare con l&#8217;isteria \u201cpatetica che ha spazzato l&#8217;elite europea\u201d in reazione all&#8217;esito delle elezioni americane, ha detto luned\u00ec P\u00e9ter Szijj\u00e1rt\u00f3, ministro degli Esteri.<\/strong><\/p>\n<p>Parlando ai giornalisti a margine di una riunione dei ministri degli Esteri e della Difesa dell&#8217;Unione Europea, Szijj\u00e1rt\u00f3 ha affermato che il governo ungherese considera l&#8217;elezione di Donald Trump alla presidenza degli Stati Uniti come una notizia di \u201cgood.<\/p>\n<p>Il ministro ha sottolineato che intenzionalmente non aveva preso parte alla riunione informale di domenica dei ministri degli Esteri dell&#8217;UE per motivi politici, ha detto che il punto di vista del popolo americano deve essere rispettato, anche se la sua decisione non accade coincidere con l&#8217;\u00e9lite politica e mediatica europea.<\/p>\n<p>\u201cStrana \u00e8 la visione liberal-democratica secondo cui finch\u00e9 le persone decidono in un modo che l&#8217;\u00e9lite favorisce lo stato di democrazia \u00e8 in buone condizioni; quando, tuttavia, la decisione va contro la volont\u00e0 dell&#8217;\u00e9lite, allora convocano una riunione di crisi&#8230;\u201d ha detto.<\/p>\n<p>L&#8217;elezione di Trump \u00e8 una notizia estremamente buona per il world\u201d poich\u00e9 le opinioni del presidente eletto sull&#8217;\u201cesportazione di democracy\u201d sono \u201cfavorevole per il world\u201d, ha affermato, aggiungendo che l&#8217;esportazione di democrazia \u201csenza limiti\u201d in passato ha causato \u201cmolti problemi\u201d Varie parti del mondo hanno storie, culture e tradizioni diverse, e queste dovrebbero essere prese in considerazione, ha detto.<\/p>\n","protected":false},"excerpt":{"rendered":"<p>&nbsp; Bruxelles, 4 novembre (MTI) 1 Ungheria rifiuta di avere a che fare con l&#8217;isteria \u201cpatetica che ha spazzato l&#8217;elite europea\u201d in reazione all&#8217;esito delle elezioni americane, ha detto luned\u00ec P\u00e9ter Szijj\u00e1rt\u00f3, ministro degli Esteri. Parlando ai giornalisti a margine di una riunione dei ministri degli Esteri e della Difesa dell&#8217;Unione Europea, Szijj\u00e1rt\u00f3 ha affermato [&hellip;]<\/p>\n","protected":false},"author":2,"featured_media":718225,"comment_status":"open","ping_status":"open","sticky":false,"template":"","format":"standard","meta":{"_display_image":"","footnotes":""},"categories":[1185],"tags":[1092,1075],"class_list":["post-718224","post","type-post","status-publish","format-standard","has-post-thumbnail","hentry","category-politica-in-ungheria","tag-ministero-degli-affari-esteri-dellungheria","tag-unione-europea"],"blocksy_meta":[],"author_username":"alk","telegram_post":"","public_post_metadata":{"breaking_news":"","important":"","csempe":"","center_tile":"","disable_thumbnail":"","target_lang":"","_featured_image_style":"","telegram_post":"","_xlat_group_id":""},"public_rank_math_data":{"title":"%titolo% %sep% %nomesito%","description":"","focus_keyword":"bruxelles ungheria","canonical_url":"","robots":"","primary_category":"1185","breadcrumb_title":"","facebook_title":"","facebook_description":"","facebook_image":"","facebook_image_id":"","twitter_title":"","twitter_description":"","twitter_image":"","twitter_image_id":"","twitter_card_type":"","twitter_use_facebook":"","advanced_robots":"","pillar_content":"","seo_score":"1","contentai_score":"","rich_snippet":""},"_links":{"self":[{"href":"https:\/\/dailynewshungary.com\/it\/wp-json\/wp\/v2\/posts\/718224","targetHints":{"allow":["GET"]}}],"collection":[{"href":"https:\/\/dailynewshungary.com\/it\/wp-json\/wp\/v2\/posts"}],"about":[{"href":"https:\/\/dailynewshungary.com\/it\/wp-json\/wp\/v2\/types\/post"}],"author":[{"embeddable":true,"href":"https:\/\/dailynewshungary.com\/it\/wp-json\/wp\/v2\/users\/2"}],"replies":[{"embeddable":true,"href":"https:\/\/dailynewshungary.com\/it\/wp-json\/wp\/v2\/comments?post=718224"}],"version-history":[{"count":0,"href":"https:\/\/dailynewshungary.com\/it\/wp-json\/wp\/v2\/posts\/718224\/revisions"}],"wp:featuredmedia":[{"embeddable":true,"href":"https:\/\/dailynewshungary.com\/it\/wp-json\/wp\/v2\/media\/718225"}],"wp:attachment":[{"href":"https:\/\/dailynewshungary.com\/it\/wp-json\/wp\/v2\/media?parent=718224"}],"wp:term":[{"taxonomy":"category","embeddable":true,"href":"https:\/\/dailynewshungary.com\/it\/wp-json\/wp\/v2\/categories?post=718224"},{"taxonomy":"post_tag","embeddable":true,"href":"https:\/\/dailynewshungary.com\/it\/wp-json\/wp\/v2\/tags?post=718224"}],"curies":[{"name":"wp","href":"https:\/\/api.w.org\/{rel}","templated":true}]}}