{"id":718361,"date":"2016-11-09T11:23:47","date_gmt":"2016-11-09T10:23:47","guid":{"rendered":"https:\/\/dailynewshungary.com\/it\/governo-ungherese-si-congratula-con-trump-per-la-vittoria-elettorale-degli-stati-uniti-aggiornamento\/"},"modified":"2016-11-09T11:23:47","modified_gmt":"2016-11-09T10:23:47","slug":"governo-ungherese-si-congratula-con-trump-per-la-vittoria-elettorale-degli-stati-uniti-aggiornamento","status":"publish","type":"post","link":"https:\/\/dailynewshungary.com\/it\/governo-ungherese-si-congratula-con-trump-per-la-vittoria-elettorale-degli-stati-uniti-aggiornamento\/","title":{"rendered":"Governo ungherese si congratula con Trump per la vittoria elettorale degli Stati Uniti AGGIORNAMENTO"},"content":{"rendered":"<p><strong>Budapest, 9 novembre (MTI) 9 Il governo ungherese si congratula con Donald Trump per aver vinto le elezioni presidenziali americane, ha detto mercoled\u00ec mattina il ministro degli Esteri in una dichiarazione.<\/strong><\/p>\n<blockquote>\n<p>Il popolo americano ha preso una decisione; la democrazia \u00e8 uscita rafforzata da una campagna elettorale \u201csenza precedenti, ha detto\u201d P\u00e9ter Szijj\u00e1rt\u00f3.<\/p>\n<\/blockquote>\n<p>Szijj\u00e1rt\u00f3 ha affermato che \u00e8 iniziata una nuova era nella politica globale cos\u00ec come nell&#8217;economia che pone sfide storiche al mondo intero. Affrontare queste sfide richiede un approccio nuovo e coraggioso e politiche nuove e innovative, ha aggiunto\u201d.<\/p>\n<figure id=\"attachment_91355\" aria-describedby=\"caption-attachment-91355\" style=\"width: 1024px\" class=\"wp-caption aligncenter\"><a href=\"https:\/\/dailynewshungary.com\/wp-content\/uploads\/2016\/11\/DMOHA20161108016.jpg\" data-pswp-width=\"\" data-pswp-height=\"\" data-cropped=\"true\"><img loading=\"lazy\" decoding=\"async\" class=\"size-large wp-image-91355\" src=\"https:\/\/dailynewshungary.com\/wp-content\/uploads\/2016\/11\/DMOHA20161108016-1024x683.jpg\" alt=\"Foto: MTI\" width=\"1024\" height=\"683\" srcset=\"https:\/\/contentf5.dailynewshungary.com\/wp-content\/uploads\/2016\/11\/DMOHA20161108016-1024x683.jpg 1024w, https:\/\/contentf5.dailynewshungary.com\/wp-content\/uploads\/2016\/11\/DMOHA20161108016-300x200.jpg 300w, https:\/\/contentf5.dailynewshungary.com\/wp-content\/uploads\/2016\/11\/DMOHA20161108016-768x512.jpg 768w, https:\/\/contentf5.dailynewshungary.com\/wp-content\/uploads\/2016\/11\/DMOHA20161108016-220x147.jpg 220w, https:\/\/contentf5.dailynewshungary.com\/wp-content\/uploads\/2016\/11\/DMOHA20161108016-610x407.jpg 610w, https:\/\/contentf5.dailynewshungary.com\/wp-content\/uploads\/2016\/11\/DMOHA20161108016-1080x720.jpg 1080w\" sizes=\"auto, (max-width: 1024px) 100vw, 1024px\"><\/a><figcaption id=\"caption-attachment-91355\" class=\"wp-caption-text\">Foto: MTI<\/figcaption><\/figure>\n<blockquote>\n<p>\u201cL&#8217;Ungheria \u00e8 pronta per la cooperazione, ha affermato nel suo comunicato il\u201d Szijj\u00e1rt\u00f3.<\/p>\n<\/blockquote>\n<p>Il primo ministro Viktor Orb\u00e1n si \u00e8 congratulato con Donald Trump per aver vinto le elezioni presidenziali americane. \u201cCongratulazioni Che bella notizia La democrazia \u00e8 ancora viva\u201d, ha scritto Orban in un articolo su Facebook mercoled\u00ec mattina.<\/p>\n<p style=\"text-align: center;\">&nbsp;<iframe loading=\"lazy\" style=\"border: none; overflow: hidden;\" src=\"https:\/\/www.facebook.com\/plugins\/post.php?href=https%3A%2F%2Fwww.facebook.com%2Fdailynewshungary%2Fposts%2F1145639762138260&amp;width=500\" width=\"500\" height=\"506\" frameborder=\"0\" scrolling=\"no\"><\/iframe><\/p>\n<h4>AGGIORNAMENTO<\/h4>\n<p><strong>Ministro degli Esteri: l&#8217;Ungheria si aspetta una cooperazione politica &#8220;pi\u00f9 efficiente&#8221; con gli Stati Uniti<\/strong><\/p>\n<p><strong>Il governo ungherese sta progettando di costruire una cooperazione politica pi\u00f9 equilibrata ed efficiente basata sul rispetto reciproco con gli Stati Uniti, ha detto gioved\u00ec mattina il ministro degli Esteri ai media pubblici.<\/strong><\/p>\n<p>P\u00e9ter Szijj\u00e1rt\u00f3 ha salutato la vittoria elettorale di Donald Trump e la maggioranza repubblicana al Senato degli Stati Uniti come \u201cpositive developments\u201d.<\/p>\n<p>I legami commerciali e la cooperazione in materia di difesa con gli Stati Uniti sono stati eccellenti, ma le relazioni politiche tendono ad essere un\u2019\u201d spiacevole e squilibrata, ha detto Szijj\u00e1rt\u00f3, aggiungendo che l\u2019obiettivo del governo \u00e8 ricostruire tali legami.<\/p>\n<p style=\"text-align: center;\"><iframe loading=\"lazy\" style=\"border: none; overflow: hidden;\" src=\"https:\/\/www.facebook.com\/plugins\/post.php?href=https%3A%2F%2Fwww.facebook.com%2Fdailynewshungary%2Fposts%2F1145735718795331&amp;width=500\" width=\"500\" height=\"523\" frameborder=\"0\" scrolling=\"no\"><\/iframe><\/p>\n<p style=\"text-align: left;\"><em>Foto: MTI\/AP\/John Locher<\/em><\/p>\n","protected":false},"excerpt":{"rendered":"<p>Budapest, 9 novembre (MTI) 9 Il governo ungherese si congratula con Donald Trump per aver vinto le elezioni presidenziali americane, ha detto mercoled\u00ec mattina il ministro degli Esteri in una dichiarazione. Il popolo americano ha preso una decisione; la democrazia \u00e8 uscita rafforzata da una campagna elettorale \u201csenza precedenti, ha detto\u201d P\u00e9ter Szijj\u00e1rt\u00f3. Szijj\u00e1rt\u00f3 ha [&hellip;]<\/p>\n","protected":false},"author":2,"featured_media":718362,"comment_status":"open","ping_status":"open","sticky":false,"template":"","format":"standard","meta":{"_display_image":"","footnotes":""},"categories":[1185],"tags":[1092,1111,1083],"class_list":["post-718361","post","type-post","status-publish","format-standard","has-post-thumbnail","hentry","category-politica-in-ungheria","tag-ministero-degli-affari-esteri-dellungheria","tag-stati-uniti","tag-viktor-orban"],"blocksy_meta":[],"author_username":"alk","telegram_post":"","public_post_metadata":{"breaking_news":"","important":"","csempe":"","center_tile":"","disable_thumbnail":"","target_lang":"","_featured_image_style":"","telegram_post":"","_xlat_group_id":""},"public_rank_math_data":{"title":"%titolo% %sep% %nomesito%","description":"","focus_keyword":"trump ungheria","canonical_url":"","robots":"","primary_category":"1185","breadcrumb_title":"","facebook_title":"","facebook_description":"","facebook_image":"","facebook_image_id":"","twitter_title":"","twitter_description":"","twitter_image":"","twitter_image_id":"","twitter_card_type":"","twitter_use_facebook":"","advanced_robots":"","pillar_content":"","seo_score":"13","contentai_score":"","rich_snippet":""},"_links":{"self":[{"href":"https:\/\/dailynewshungary.com\/it\/wp-json\/wp\/v2\/posts\/718361","targetHints":{"allow":["GET"]}}],"collection":[{"href":"https:\/\/dailynewshungary.com\/it\/wp-json\/wp\/v2\/posts"}],"about":[{"href":"https:\/\/dailynewshungary.com\/it\/wp-json\/wp\/v2\/types\/post"}],"author":[{"embeddable":true,"href":"https:\/\/dailynewshungary.com\/it\/wp-json\/wp\/v2\/users\/2"}],"replies":[{"embeddable":true,"href":"https:\/\/dailynewshungary.com\/it\/wp-json\/wp\/v2\/comments?post=718361"}],"version-history":[{"count":0,"href":"https:\/\/dailynewshungary.com\/it\/wp-json\/wp\/v2\/posts\/718361\/revisions"}],"wp:featuredmedia":[{"embeddable":true,"href":"https:\/\/dailynewshungary.com\/it\/wp-json\/wp\/v2\/media\/718362"}],"wp:attachment":[{"href":"https:\/\/dailynewshungary.com\/it\/wp-json\/wp\/v2\/media?parent=718361"}],"wp:term":[{"taxonomy":"category","embeddable":true,"href":"https:\/\/dailynewshungary.com\/it\/wp-json\/wp\/v2\/categories?post=718361"},{"taxonomy":"post_tag","embeddable":true,"href":"https:\/\/dailynewshungary.com\/it\/wp-json\/wp\/v2\/tags?post=718361"}],"curies":[{"name":"wp","href":"https:\/\/api.w.org\/{rel}","templated":true}]}}