{"id":718475,"date":"2016-11-04T15:10:37","date_gmt":"2016-11-04T14:10:37","guid":{"rendered":"https:\/\/dailynewshungary.com\/it\/fidh-ungheria-che-viola-i-principi-dello-stato-di-diritto\/"},"modified":"2016-11-04T15:10:37","modified_gmt":"2016-11-04T14:10:37","slug":"fidh-ungheria-che-viola-i-principi-dello-stato-di-diritto","status":"publish","type":"post","link":"https:\/\/dailynewshungary.com\/it\/fidh-ungheria-che-viola-i-principi-dello-stato-di-diritto\/","title":{"rendered":"FIDH: Ungheria che viola i principi dello stato di diritto"},"content":{"rendered":"<p><strong>Bruxelles, 4 novembre (MTI) 4 Lo stato di diritto e i diritti umani sono stati costantemente attaccati in Ungheria da quando il primo ministro Viktor Orb\u00e1n ha preso il potere nel 2010, ha affermato la Federazione internazionale per i diritti umani (FIDH) in un rapporto pubblicato venerd\u00ec.<\/strong><\/p>\n<p>Il rapporto di 84 pagine accusava il governo ungherese di indebolire il sistema di pesi e contrappesi aumentando il controllo sui media, limitando la libert\u00e0 di informazione e neutralizzando il controllo esercitato dalla Corte Costituzionale.<\/p>\n<p>La federazione ha affermato che la costituzione ungherese e le oltre 600 leggi approvate negli ultimi sei anni mettono in pericolo i principi democratici, lo stato di diritto e i diritti umani nel paese e hanno avuto un effetto negativo sul principio dell&#8217;equilibrio di potere.<\/p>\n<p>Il rapporto afferma che il governo ha sistematicamente indebolito la\u201d e ha stabilito il controllo sui rami giudiziari e legislativi dello stato, sui media e sui gruppi civili. \u201cDichiarazioni del primo ministro Viktor Orb\u00e1n secondo cui intende trasformare l&#8217;Ungheria in uno &#8220;stato liberale&#8221; &#8230; hanno sollevato serie preoccupazioni, afferma il rapporto.<\/p>\n<p>La FIDH ha anche accennato alla gestione da parte del governo dei migranti e dei richiedenti asilo. Ha affermato che la campagna xenofoba e\u201cvile del governo contro migranti e richiedenti asilo\u201d ha dimostrato la \u201cviolation\u201d dell&#8217;Ungheria dei suoi \u201cobblighi ai sensi del diritto internazionale ed europeo\u201d.<\/p>\n<p>\u201cQuesti attacchi stanno minando la democrazia in Ungheria ma anche i valori fondanti dell&#8217;Unione Europea, ha affermato il segretario generale della FIDH della\u201d Dan Van Raemdonck in una dichiarazione che accompagna il rapporto. \u201cSe non si interviene, \u00e8 l&#8217;intero progetto dell&#8217;Unione Europea come comunit\u00e0 di valori ad essere messo in discussione, ha affermato il segretario generale ha invitato l&#8217;UE a prendere in considerazione l&#8217;attivazione dell&#8217;articolo 7 del trattato fondamentale dell&#8217;UE, che potrebbe portare alla sospensione di alcuni diritti derivanti dall&#8217;adesione del paese all&#8217;UE.<\/p>\n<p>Il Ministero degli Esteri ha dichiarato in un comunicato che l&#8217;Ungheria respinge le accuse di \u201cinfondate e motivate politicamente mosse dalla FIDH. Orb\u00e1n \u00e8 stato rieletto per un secondo mandato in elezioni democratiche e tutti dovrebbero rispettare la decisione del popolo ungherese, ha detto nel comunicato Tam\u00e1s Menczer, portavoce del ministero. Il governo Orb\u00e1n ha riportato negli ultimi sei anni l&#8217;Ungheria su un percorso di crescita, ha mantenuto basso il deficit di bilancio, il debito statale \u00e8 in calo mentre il numero dei disoccupati si \u00e8 dimezzato, i salari sono in aumento, l&#8217;inflazione \u00e8 bassa e le esportazioni sono ai massimi storici. L&#8217;Ungheria protegger\u00e0 i suoi confini in linea con le leggi ungheresi e internazionali contro l&#8217;immigrazione clandestina di massa, alla quale 3,3 milioni di persone hanno detto &#8220;no&#8221; in un recente referendum. Il governo ungherese protegger\u00e0 la sicurezza, gli interessi e i diritti del suo popolo, anche se alle cosiddette organizzazioni per i diritti umani non piace la sua\u201d, aggiunge il comunicato.<\/p>\n<p><em>Foto:&nbsp;<a class=\"_ZR irc_hol i3724\" tabindex=\"0\" href=\"https:\/\/thedisplacedcity.wordpress.com\/2012\/09\/22\/report-cambodia-a-mounting-human-rights-crisis-by-international-federation-for-human-rights-fidh\/\" target=\"_blank\" rel=\"noopener\" data-noload=\"\" data-ved=\"0ahUKEwibjeqhlo_QAhWCCCwKHfd4AWQQjB0IBg\"><span class=\"irc_ho\" dir=\"ltr\">la citt\u00e0 sfollata (The Displaced City) WordPress.com<\/span><\/a><\/em><\/p>\n","protected":false},"excerpt":{"rendered":"<p>Bruxelles, 4 novembre (MTI) 4 Lo stato di diritto e i diritti umani sono stati costantemente attaccati in Ungheria da quando il primo ministro Viktor Orb\u00e1n ha preso il potere nel 2010, ha affermato la Federazione internazionale per i diritti umani (FIDH) in un rapporto pubblicato venerd\u00ec. Il rapporto di 84 pagine accusava il governo [&hellip;]<\/p>\n","protected":false},"author":2,"featured_media":718476,"comment_status":"open","ping_status":"open","sticky":false,"template":"","format":"standard","meta":{"_display_image":"","footnotes":""},"categories":[1185],"tags":[1435,1083],"class_list":["post-718475","post","type-post","status-publish","format-standard","has-post-thumbnail","hentry","category-politica-in-ungheria","tag-diritti","tag-viktor-orban"],"blocksy_meta":[],"author_username":"alk","telegram_post":"","public_post_metadata":{"breaking_news":"","important":"","csempe":"","center_tile":"","disable_thumbnail":"","target_lang":"","_featured_image_style":"","telegram_post":"","_xlat_group_id":""},"public_rank_math_data":{"title":"%titolo% %sep% %nomesito%","description":"","focus_keyword":"fidh","canonical_url":"","robots":"","primary_category":"1185","breadcrumb_title":"","facebook_title":"","facebook_description":"","facebook_image":"","facebook_image_id":"","twitter_title":"","twitter_description":"","twitter_image":"","twitter_image_id":"","twitter_card_type":"","twitter_use_facebook":"","advanced_robots":"","pillar_content":"","seo_score":"64","contentai_score":"","rich_snippet":""},"_links":{"self":[{"href":"https:\/\/dailynewshungary.com\/it\/wp-json\/wp\/v2\/posts\/718475","targetHints":{"allow":["GET"]}}],"collection":[{"href":"https:\/\/dailynewshungary.com\/it\/wp-json\/wp\/v2\/posts"}],"about":[{"href":"https:\/\/dailynewshungary.com\/it\/wp-json\/wp\/v2\/types\/post"}],"author":[{"embeddable":true,"href":"https:\/\/dailynewshungary.com\/it\/wp-json\/wp\/v2\/users\/2"}],"replies":[{"embeddable":true,"href":"https:\/\/dailynewshungary.com\/it\/wp-json\/wp\/v2\/comments?post=718475"}],"version-history":[{"count":0,"href":"https:\/\/dailynewshungary.com\/it\/wp-json\/wp\/v2\/posts\/718475\/revisions"}],"wp:featuredmedia":[{"embeddable":true,"href":"https:\/\/dailynewshungary.com\/it\/wp-json\/wp\/v2\/media\/718476"}],"wp:attachment":[{"href":"https:\/\/dailynewshungary.com\/it\/wp-json\/wp\/v2\/media?parent=718475"}],"wp:term":[{"taxonomy":"category","embeddable":true,"href":"https:\/\/dailynewshungary.com\/it\/wp-json\/wp\/v2\/categories?post=718475"},{"taxonomy":"post_tag","embeddable":true,"href":"https:\/\/dailynewshungary.com\/it\/wp-json\/wp\/v2\/tags?post=718475"}],"curies":[{"name":"wp","href":"https:\/\/api.w.org\/{rel}","templated":true}]}}