{"id":718765,"date":"2016-10-23T20:00:55","date_gmt":"2016-10-23T18:00:55","guid":{"rendered":"https:\/\/dailynewshungary.com\/it\/1955-commemorazione-statale-6-orban-23-ottobre-un-giorno-per-essere-orgogliosi\/"},"modified":"2016-10-23T20:00:55","modified_gmt":"2016-10-23T18:00:55","slug":"1955-commemorazione-statale-6-orban-23-ottobre-un-giorno-per-essere-orgogliosi","status":"publish","type":"post","link":"https:\/\/dailynewshungary.com\/it\/1955-commemorazione-statale-6-orban-23-ottobre-un-giorno-per-essere-orgogliosi\/","title":{"rendered":"1955, commemorazione statale 6 Orb\u00e1n: 23 ottobre un \u201cgiorno per essere orgogliosi\u201d"},"content":{"rendered":"<p><strong>Budapest, 3 ottobre (MTI) Il 23 ottobre \u00e8 un giorno in cui gli ungheresi dovrebbero essere orgogliosi, ha detto domenica il primo ministro Viktor Orb\u00e1n alla commemorazione statale della rivolta antisovietica ungherese del 1956 in piazza Kossuth a Budapest davanti al Parlamento.<\/strong><\/p>\n<p>Anche dopo 60 anni, il 23 ottobre \u00e8 ancora un giorno che \u201csolleva e purifica noi\u201d, ha detto il primo ministro, definendo la festa nazionale una \u201cre\u201d condivisa del popolo ungherese.<\/p>\n<p>Ha detto che gli ungheresi possono essere grati agli eroi del 1956 di cui gli ungheresi avevano molto di cui essere orgogliosi anche negli anni pi\u00f9 bui della storia dell&#8217;Ungheria\u201d.<\/p>\n<p>All&#8217;inizio del suo discorso, Orb\u00e1n ha salutato il presidente polacco Andrzej Duda, ospite d&#8217;onore delle celebrazioni di quest&#8217;anno. Orb\u00e1n ha descritto le relazioni ungherese-polacche come un&#8217;amicizia millenaria di due nazioni \u201ccoraggiose\u201d.<\/p>\n<figure id=\"attachment_89274\" aria-describedby=\"caption-attachment-89274\" style=\"width: 1024px\" class=\"wp-caption aligncenter\"><img loading=\"lazy\" decoding=\"async\" class=\"size-large wp-image-89274\" src=\"https:\/\/dailynewshungary.com\/wp-content\/uploads\/2016\/10\/D_KOS20161023019-1024x683.jpg\" alt=\"Foto: MTI\" width=\"1024\" height=\"683\" srcset=\"https:\/\/contentf5.dailynewshungary.com\/wp-content\/uploads\/2016\/10\/D_KOS20161023019-1024x683.jpg 1024w, https:\/\/contentf5.dailynewshungary.com\/wp-content\/uploads\/2016\/10\/D_KOS20161023019-300x200.jpg 300w, https:\/\/contentf5.dailynewshungary.com\/wp-content\/uploads\/2016\/10\/D_KOS20161023019-768x512.jpg 768w, https:\/\/contentf5.dailynewshungary.com\/wp-content\/uploads\/2016\/10\/D_KOS20161023019-220x147.jpg 220w, https:\/\/contentf5.dailynewshungary.com\/wp-content\/uploads\/2016\/10\/D_KOS20161023019-610x407.jpg 610w, https:\/\/contentf5.dailynewshungary.com\/wp-content\/uploads\/2016\/10\/D_KOS20161023019-1080x720.jpg 1080w\" sizes=\"auto, (max-width: 1024px) 100vw, 1024px\"><figcaption id=\"caption-attachment-89274\" class=\"wp-caption-text\">Foto: MTI<\/figcaption><\/figure>\n<p>Gli ungheresi lotteranno sempre per la libert\u00e0 e la raggiungeranno \u201c anche nella pi\u00f9 disperata delle situazioni, ha insistito\u201d Orb\u00e1n. \u201cNoi ungheresi abbiamo un talento per la libert\u00e0, abbiamo sempre saputo come usarla Ha avvertito che la libert\u00e0 non \u00e8 uno stato finale ma un modo di esistere; proprio come nuotare: smetti di farlo e affonderai\u201d La domanda \u00e8 sempre cos\u00ec semplice: se decidiamo del nostro destino o di altre persone,\u201d ha aggiunto.<\/p>\n<p>Per quanto riguarda l&#8217;Unione Europea, Orb\u00e1n ha affermato che i popoli europei amanti della libert\u00e0 devono salvare Bruxelles dalla sovietizzazione\u201d. Ha sostenuto che l&#8217;UE non deve essere trasformata in un impero di et\u00e0 moderna; la comunit\u00e0 non deve essere sostituita da una \u201cStati Uniti d&#8217;Europa\u201d. \u201cNoi ungheresi vogliamo rimanere una nazione europea, piuttosto che diventare una minoranza etnica in Europa, ha insistito\u201d Orban. \u201c\u00c8 solo la nostra indipendenza nazionale che pu\u00f2 salvarci dall&#8217;essere divorati da un impero, ha detto la\u201d Orb\u00e1n, e ha sostenuto che \u00e8 stata proprio quell&#8217;idea\u201c\u201d che ha salvato l&#8217;Ungheria dall&#8217;integrazione nell&#8217;Unione Sovietica.<\/p>\n<blockquote>\n<p>Come discendenti del 1956, gli ungheresi \u201cnon possono lasciare che l\u2019Europa tagli le radici che un tempo l\u2019avevano resa grande e ci hanno anche aiutato a sopravvivere all\u2019oppressione comunista, ha detto\u201d Orb\u00e1n.<\/p>\n<\/blockquote>\n<p>Ha aggiunto che l\u2019Europa non potrebbe essere libera da un\u2019\u201c, forte e rispettabile senza il potere rivitalizzante delle nazioni e duemila anni di saggezza cristiana, ha detto Orb\u00e1n.<\/p>\n<p>La storia mette l&#8217;Ungheria nella corrente principale delle controversie sul futuro dell&#8217;Europa ogni 30 anni, ha detto il primo ministro Ha sostenuto che nel 1956 l&#8217;Ungheria ha tentato di \u201cspostamento della cortina di ferro a est dei nostri confini\u201d, poi nel 1989 il paese ha aperto i suoi confini occidentali \u201cin modo che i tedeschi potessero trovare una via per Germans\u201d, mentre recentemente l&#8217;Ungheria \u201c ha dovuto chiudere i suoi confini per fermare l&#8217;afflusso di migranti dal sud\u201d.<\/p>\n<figure id=\"attachment_89276\" aria-describedby=\"caption-attachment-89276\" style=\"width: 1024px\" class=\"wp-caption aligncenter\"><img loading=\"lazy\" decoding=\"async\" class=\"size-large wp-image-89276\" src=\"https:\/\/dailynewshungary.com\/wp-content\/uploads\/2016\/10\/D_KOS20161023011-1024x683.jpg\" alt=\"Foto: MTI\" width=\"1024\" height=\"683\" srcset=\"https:\/\/contentf5.dailynewshungary.com\/wp-content\/uploads\/2016\/10\/D_KOS20161023011-1024x683.jpg 1024w, https:\/\/contentf5.dailynewshungary.com\/wp-content\/uploads\/2016\/10\/D_KOS20161023011-300x200.jpg 300w, https:\/\/contentf5.dailynewshungary.com\/wp-content\/uploads\/2016\/10\/D_KOS20161023011-768x512.jpg 768w, https:\/\/contentf5.dailynewshungary.com\/wp-content\/uploads\/2016\/10\/D_KOS20161023011-220x147.jpg 220w, https:\/\/contentf5.dailynewshungary.com\/wp-content\/uploads\/2016\/10\/D_KOS20161023011-610x407.jpg 610w, https:\/\/contentf5.dailynewshungary.com\/wp-content\/uploads\/2016\/10\/D_KOS20161023011-1080x720.jpg 1080w\" sizes=\"auto, (max-width: 1024px) 100vw, 1024px\"><figcaption id=\"caption-attachment-89276\" class=\"wp-caption-text\">Foto: MTI<\/figcaption><\/figure>\n<p>L\u2019Ungheria non vaciller\u00e0 \u201c, anche se coloro che stiamo cercando di proteggere ci attaccano da dietro\u201d; abbiamo il coraggio di affrontare l&#8217;ingiustizia&#8230; e l&#8217;Europa pu\u00f2 sempre contare su di noi, ha detto la\u201d Orb\u00e1n. \u201cNon possiamo permettere che terroristi, cacciatori di profitti che inviano centinaia di migliaia di persone nella speranza di una vita migliore in Europa, o gli ingenui che non hanno idea di quale pericolo fatale getteranno l\u2019Europa e se stessi per guadagnare terreno, ha detto la\u201d Orb\u00e1n.<\/p>\n<p>L&#8217;Ungheria ha scelto la via pi\u00f9 dura per la tratta quando ha preferito i propri figli agli immigrati, ha lavorato alla speculazione, guadagnandosi da vivere fino a diventare schiava dell&#8217;indebitamento e proteggendo i confini fino alla resa della rotta, ha detto Orb\u00e1n.<\/p>\n<figure id=\"attachment_89277\" aria-describedby=\"caption-attachment-89277\" style=\"width: 1024px\" class=\"wp-caption aligncenter\"><img loading=\"lazy\" decoding=\"async\" class=\"size-large wp-image-89277\" src=\"https:\/\/dailynewshungary.com\/wp-content\/uploads\/2016\/10\/D_KOS20161023009-1024x683.jpg\" alt=\"Foto: MTI\" width=\"1024\" height=\"683\" srcset=\"https:\/\/contentf5.dailynewshungary.com\/wp-content\/uploads\/2016\/10\/D_KOS20161023009-1024x683.jpg 1024w, https:\/\/contentf5.dailynewshungary.com\/wp-content\/uploads\/2016\/10\/D_KOS20161023009-300x200.jpg 300w, https:\/\/contentf5.dailynewshungary.com\/wp-content\/uploads\/2016\/10\/D_KOS20161023009-768x512.jpg 768w, https:\/\/contentf5.dailynewshungary.com\/wp-content\/uploads\/2016\/10\/D_KOS20161023009-220x147.jpg 220w, https:\/\/contentf5.dailynewshungary.com\/wp-content\/uploads\/2016\/10\/D_KOS20161023009-610x407.jpg 610w, https:\/\/contentf5.dailynewshungary.com\/wp-content\/uploads\/2016\/10\/D_KOS20161023009-1080x720.jpg 1080w\" sizes=\"auto, (max-width: 1024px) 100vw, 1024px\"><figcaption id=\"caption-attachment-89277\" class=\"wp-caption-text\">Foto: MTI<\/figcaption><\/figure>\n<p>Concludendo il suo discorso, Orb\u00e1n ha sollecitato una \u201crivelazione spirituale e ha sostenuto che nonostante il potere politico, la maggioranza parlamentare o una nuova costituzione\u201d la vittoria non era possibile senza \u201celevare il cuore\u201d del popolo. \u201cPer le cose pi\u00f9 importanti abbiamo bisogno di unit\u00e0; per altre cose abbiamo bisogno di libert\u00e0 e di amore per tutte le cose, ha detto\u201d.<\/p>\n<p><em>Foto: MTI<\/em><\/p>\n<p>&nbsp;<\/p>\n","protected":false},"excerpt":{"rendered":"<p>Budapest, 3 ottobre (MTI) Il 23 ottobre \u00e8 un giorno in cui gli ungheresi dovrebbero essere orgogliosi, ha detto domenica il primo ministro Viktor Orb\u00e1n alla commemorazione statale della rivolta antisovietica ungherese del 1956 in piazza Kossuth a Budapest davanti al Parlamento. Anche dopo 60 anni, il 23 ottobre \u00e8 ancora un giorno che \u201csolleva [&hellip;]<\/p>\n","protected":false},"author":2,"featured_media":718766,"comment_status":"open","ping_status":"open","sticky":false,"template":"","format":"standard","meta":{"_display_image":"","footnotes":""},"categories":[1185],"tags":[2051,1299,1327,1075,1083],"class_list":["post-718765","post","type-post","status-publish","format-standard","has-post-thumbnail","hentry","category-politica-in-ungheria","tag-60-anniversario-della-rivoluzione-del-1956","tag-anniversario","tag-commemorazione","tag-unione-europea","tag-viktor-orban"],"blocksy_meta":[],"author_username":"alk","telegram_post":"","public_post_metadata":{"breaking_news":"","important":"","csempe":"","center_tile":"","disable_thumbnail":"","target_lang":"","_featured_image_style":"","telegram_post":"","_xlat_group_id":""},"public_rank_math_data":{"title":"%titolo% %sep% %nomesito%","description":"","focus_keyword":"discorso orb\u00e1n","canonical_url":"","robots":"","primary_category":"1185","breadcrumb_title":"","facebook_title":"","facebook_description":"","facebook_image":"","facebook_image_id":"","twitter_title":"","twitter_description":"","twitter_image":"","twitter_image_id":"","twitter_card_type":"","twitter_use_facebook":"","advanced_robots":"","pillar_content":"","seo_score":"9","contentai_score":"","rich_snippet":""},"_links":{"self":[{"href":"https:\/\/dailynewshungary.com\/it\/wp-json\/wp\/v2\/posts\/718765","targetHints":{"allow":["GET"]}}],"collection":[{"href":"https:\/\/dailynewshungary.com\/it\/wp-json\/wp\/v2\/posts"}],"about":[{"href":"https:\/\/dailynewshungary.com\/it\/wp-json\/wp\/v2\/types\/post"}],"author":[{"embeddable":true,"href":"https:\/\/dailynewshungary.com\/it\/wp-json\/wp\/v2\/users\/2"}],"replies":[{"embeddable":true,"href":"https:\/\/dailynewshungary.com\/it\/wp-json\/wp\/v2\/comments?post=718765"}],"version-history":[{"count":0,"href":"https:\/\/dailynewshungary.com\/it\/wp-json\/wp\/v2\/posts\/718765\/revisions"}],"wp:featuredmedia":[{"embeddable":true,"href":"https:\/\/dailynewshungary.com\/it\/wp-json\/wp\/v2\/media\/718766"}],"wp:attachment":[{"href":"https:\/\/dailynewshungary.com\/it\/wp-json\/wp\/v2\/media?parent=718765"}],"wp:term":[{"taxonomy":"category","embeddable":true,"href":"https:\/\/dailynewshungary.com\/it\/wp-json\/wp\/v2\/categories?post=718765"},{"taxonomy":"post_tag","embeddable":true,"href":"https:\/\/dailynewshungary.com\/it\/wp-json\/wp\/v2\/tags?post=718765"}],"curies":[{"name":"wp","href":"https:\/\/api.w.org\/{rel}","templated":true}]}}