{"id":718771,"date":"2016-10-23T14:30:40","date_gmt":"2016-10-23T12:30:40","guid":{"rendered":"https:\/\/dailynewshungary.com\/it\/1956-gyurcsany-attuale-primo-ministro-in-contrasto-con-lo-spirito-di-rivoluzione\/"},"modified":"2016-10-23T14:30:40","modified_gmt":"2016-10-23T12:30:40","slug":"1956-gyurcsany-attuale-primo-ministro-in-contrasto-con-lo-spirito-di-rivoluzione","status":"publish","type":"post","link":"https:\/\/dailynewshungary.com\/it\/1956-gyurcsany-attuale-primo-ministro-in-contrasto-con-lo-spirito-di-rivoluzione\/","title":{"rendered":"1956 (Gyurcs\u00e1ny): attuale Primo Ministro in contrasto con lo spirito di rivoluzione"},"content":{"rendered":"<p>&nbsp;<\/p>\n<p><strong>Budapest, 3 ottobre (MTI) 2 L&#8217;attuale primo ministro \u00e8 in netto contrasto con lo spirito del martire primo ministro ungherese Imre Nagy e con la rivoluzione anti-sovet del 1956, ha detto domenica il leader dell&#8217;opposizione della Coalizione Democratica (DK) Ferenc Gyurcs\u00e1ny.<\/strong><\/p>\n<p>Gyurcs\u00e1ny disse in un evento di festa a Budapest per commemorare il 1956 che l&#8217;attuale primo ministro ha guadagnato fama per aver ignorato la libert\u00e0 e la democrazia\u201d.<\/p>\n<p>\u201cSe la rivoluzione di Imre Nagy \u00e8 stata la rivoluzione della libert\u00e0 e della democrazia allora l&#8217;attuale primo ministro \u00e8 il leader di una controrivoluzione\u201d, ha detto.<\/p>\n<blockquote>\n<p>\u201cSolo gli attuali partiti, movimenti, sostenitori ed elettori dell&#8217;opposizione democratica hanno il diritto di parlare con onore di Imre Nagy e dei suoi compagni martiri\u201d, ha aggiunto.<\/p>\n<\/blockquote>\n<p>Dopo l&#8217;evento, Gyurcs\u00e1ny e altri politici del DK deposero corone di fiori in un memoriale in piazza 1956.<\/p>\n","protected":false},"excerpt":{"rendered":"<p>&nbsp; Budapest, 3 ottobre (MTI) 2 L&#8217;attuale primo ministro \u00e8 in netto contrasto con lo spirito del martire primo ministro ungherese Imre Nagy e con la rivoluzione anti-sovet del 1956, ha detto domenica il leader dell&#8217;opposizione della Coalizione Democratica (DK) Ferenc Gyurcs\u00e1ny. Gyurcs\u00e1ny disse in un evento di festa a Budapest per commemorare il 1956 [&hellip;]<\/p>\n","protected":false},"author":2,"featured_media":718772,"comment_status":"open","ping_status":"open","sticky":false,"template":"","format":"standard","meta":{"_display_image":"","footnotes":""},"categories":[1185],"tags":[2051,1158,1093,1327,1083],"class_list":["post-718771","post","type-post","status-publish","format-standard","has-post-thumbnail","hentry","category-politica-in-ungheria","tag-60-anniversario-della-rivoluzione-del-1956","tag-budapest","tag-coalizione-democratica","tag-commemorazione","tag-viktor-orban"],"blocksy_meta":[],"author_username":"alk","telegram_post":"","public_post_metadata":{"breaking_news":"","important":"","csempe":"","center_tile":"","disable_thumbnail":"","target_lang":"","_featured_image_style":"","telegram_post":"","_xlat_group_id":""},"public_rank_math_data":{"title":"%titolo% %sep% %nomesito%","description":"","focus_keyword":"commemorazione","canonical_url":"","robots":"","primary_category":"1185","breadcrumb_title":"","facebook_title":"","facebook_description":"","facebook_image":"","facebook_image_id":"","twitter_title":"","twitter_description":"","twitter_image":"","twitter_image_id":"","twitter_card_type":"","twitter_use_facebook":"","advanced_robots":"","pillar_content":"","seo_score":"7","contentai_score":"","rich_snippet":""},"_links":{"self":[{"href":"https:\/\/dailynewshungary.com\/it\/wp-json\/wp\/v2\/posts\/718771","targetHints":{"allow":["GET"]}}],"collection":[{"href":"https:\/\/dailynewshungary.com\/it\/wp-json\/wp\/v2\/posts"}],"about":[{"href":"https:\/\/dailynewshungary.com\/it\/wp-json\/wp\/v2\/types\/post"}],"author":[{"embeddable":true,"href":"https:\/\/dailynewshungary.com\/it\/wp-json\/wp\/v2\/users\/2"}],"replies":[{"embeddable":true,"href":"https:\/\/dailynewshungary.com\/it\/wp-json\/wp\/v2\/comments?post=718771"}],"version-history":[{"count":0,"href":"https:\/\/dailynewshungary.com\/it\/wp-json\/wp\/v2\/posts\/718771\/revisions"}],"wp:featuredmedia":[{"embeddable":true,"href":"https:\/\/dailynewshungary.com\/it\/wp-json\/wp\/v2\/media\/718772"}],"wp:attachment":[{"href":"https:\/\/dailynewshungary.com\/it\/wp-json\/wp\/v2\/media?parent=718771"}],"wp:term":[{"taxonomy":"category","embeddable":true,"href":"https:\/\/dailynewshungary.com\/it\/wp-json\/wp\/v2\/categories?post=718771"},{"taxonomy":"post_tag","embeddable":true,"href":"https:\/\/dailynewshungary.com\/it\/wp-json\/wp\/v2\/tags?post=718771"}],"curies":[{"name":"wp","href":"https:\/\/api.w.org\/{rel}","templated":true}]}}