{"id":718775,"date":"2016-10-23T11:36:03","date_gmt":"2016-10-23T09:36:03","guid":{"rendered":"https:\/\/dailynewshungary.com\/it\/195-bandiera-issata-nel-palazzo-del-parlamento-per-commemorare-la-rivolta-del-23-ottobre-foto\/"},"modified":"2016-10-23T11:36:03","modified_gmt":"2016-10-23T09:36:03","slug":"195-bandiera-issata-nel-palazzo-del-parlamento-per-commemorare-la-rivolta-del-23-ottobre-foto","status":"publish","type":"post","link":"https:\/\/dailynewshungary.com\/it\/195-bandiera-issata-nel-palazzo-del-parlamento-per-commemorare-la-rivolta-del-23-ottobre-foto\/","title":{"rendered":"195 (Bandiera issata nel palazzo del Parlamento per commemorare la rivolta del 23 ottobre (FOTO)"},"content":{"rendered":"<p><strong>Budapest, 3 ottobre (MTI) 2 La bandiera nazionale ungherese \u00e8 stata issata domenica davanti al palazzo del Parlamento, in una commemorazione di stato in occasione del 60\u00b0 anniversario della rivolta antisovietica iniziata il 23 ottobre 1956.<\/strong><\/p>\n<p>Alla cerimonia hanno partecipato il presidente J\u00e1nos \u00c1der, il primo ministro Viktor Orb\u00e1n, il presidente della Camera L\u00e1szl\u00f3 K\u00f6v\u00e9r, Tibor Benk the, capo di stato maggiore dell&#8217;esercito ungherese, e diplomatici.<\/p>\n<p>Durante la giornata si terranno una serie di commemorazioni e programmi in tutto il Paese per rendere omaggio agli eroi della fallita rivoluzione e della lotta per la libert\u00e0.<\/p>\n<p style=\"text-align: center;\">&nbsp;<iframe loading=\"lazy\" style=\"border: none; overflow: hidden;\" src=\"https:\/\/www.facebook.com\/plugins\/post.php?href=https%3A%2F%2Fwww.facebook.com%2Fdailynewshungary%2Fposts%2F1126984067337163&amp;width=500\" width=\"500\" height=\"504\" frameborder=\"0\" scrolling=\"no\"><\/iframe><\/p>\n<p>Per celebrare l\u2019anniversario, il governo ha istituito un comitato commemorativo e ha dichiarato il 2016 Anno della libert\u00e0 ungherese. Il principale mecenate dell\u2019anno commemorativo \u00e8 K\u00f6ver e il suo mecenate \u00e8 M\u00e1ria Wittner, ex deputata del partito al potere Fidesz che ha ricevuto una condanna a morte dopo il 1956.<\/p>\n<div id=\"gallery-2\" class=\"gallery galleryid-89224 gallery-columns-3 gallery-size-large\">\n<figure class=\"gallery-item\">\n<div class=\"gallery-icon landscape\">\n\t\t\t\t<a href=\"https:\/\/dailynewshungary.com\/it\/195-bandiera-issata-nel-palazzo-del-parlamento-per-commemorare-la-rivolta-del-23-ottobre-foto\/\"><img loading=\"lazy\" decoding=\"async\" width=\"1024\" height=\"680\" src=\"https:\/\/contentf5.dailynewshungary.com\/wp-content\/uploads\/2016\/10\/D_NOE20161023020-1024x680.jpg\" class=\"attachment-large size-large\" alt=\"D NOE X\" aria-describedby=\"gallery-2-89231\" srcset=\"https:\/\/contentf5.dailynewshungary.com\/wp-content\/uploads\/2016\/10\/D_NOE20161023020-1024x680.jpg 1024w, https:\/\/contentf5.dailynewshungary.com\/wp-content\/uploads\/2016\/10\/D_NOE20161023020-300x199.jpg 300w, https:\/\/contentf5.dailynewshungary.com\/wp-content\/uploads\/2016\/10\/D_NOE20161023020-768x510.jpg 768w, https:\/\/contentf5.dailynewshungary.com\/wp-content\/uploads\/2016\/10\/D_NOE20161023020-220x146.jpg 220w, https:\/\/contentf5.dailynewshungary.com\/wp-content\/uploads\/2016\/10\/D_NOE20161023020-610x405.jpg 610w, https:\/\/contentf5.dailynewshungary.com\/wp-content\/uploads\/2016\/10\/D_NOE20161023020-1080x718.jpg 1080w\" sizes=\"auto, (max-width: 1024px) 100vw, 1024px\"><\/a>\n\t\t\t<\/div><figcaption class=\"wp-caption-text gallery-caption\" id=\"gallery-2-89231\">\n\t\t\t\tLa bandiera nazionale dell&#8217;Ungheria \u00e8 stata issata davanti al palazzo del Parlamento<br \/>\n\t\t\t\t<\/figcaption><\/figure>\n<figure class=\"gallery-item\">\n<div class=\"gallery-icon landscape\">\n\t\t\t\t<a href=\"https:\/\/dailynewshungary.com\/it\/195-bandiera-issata-nel-palazzo-del-parlamento-per-commemorare-la-rivolta-del-23-ottobre-foto\/\"><img loading=\"lazy\" decoding=\"async\" width=\"1024\" height=\"754\" src=\"https:\/\/contentf5.dailynewshungary.com\/wp-content\/uploads\/2016\/10\/D_NOE20161023001-1024x754.jpg\" class=\"attachment-large size-large\" alt=\"D NOE X\" aria-describedby=\"gallery-2-89230\" srcset=\"https:\/\/contentf5.dailynewshungary.com\/wp-content\/uploads\/2016\/10\/D_NOE20161023001-1024x754.jpg 1024w, https:\/\/contentf5.dailynewshungary.com\/wp-content\/uploads\/2016\/10\/D_NOE20161023001-300x221.jpg 300w, https:\/\/contentf5.dailynewshungary.com\/wp-content\/uploads\/2016\/10\/D_NOE20161023001-768x566.jpg 768w, https:\/\/contentf5.dailynewshungary.com\/wp-content\/uploads\/2016\/10\/D_NOE20161023001-220x162.jpg 220w, https:\/\/contentf5.dailynewshungary.com\/wp-content\/uploads\/2016\/10\/D_NOE20161023001-610x449.jpg 610w, https:\/\/contentf5.dailynewshungary.com\/wp-content\/uploads\/2016\/10\/D_NOE20161023001-1080x795.jpg 1080w\" sizes=\"auto, (max-width: 1024px) 100vw, 1024px\"><\/a>\n\t\t\t<\/div><figcaption class=\"wp-caption-text gallery-caption\" id=\"gallery-2-89230\">\n\t\t\t\tLa bandiera nazionale dell&#8217;Ungheria \u00e8 stata issata davanti al palazzo del Parlamento<br \/>\n\t\t\t\t<\/figcaption><\/figure>\n<figure class=\"gallery-item\">\n<div class=\"gallery-icon portrait\">\n\t\t\t\t<a href=\"https:\/\/dailynewshungary.com\/it\/195-bandiera-issata-nel-palazzo-del-parlamento-per-commemorare-la-rivolta-del-23-ottobre-foto\/\"><img loading=\"lazy\" decoding=\"async\" width=\"677\" height=\"1024\" src=\"https:\/\/contentf5.dailynewshungary.com\/wp-content\/uploads\/2016\/10\/D_NOE20161023002-677x1024.jpg\" class=\"attachment-large size-large\" alt=\"D NOE X\" aria-describedby=\"gallery-2-89229\" srcset=\"https:\/\/contentf5.dailynewshungary.com\/wp-content\/uploads\/2016\/10\/D_NOE20161023002-677x1024.jpg 677w, https:\/\/contentf5.dailynewshungary.com\/wp-content\/uploads\/2016\/10\/D_NOE20161023002-198x300.jpg 198w, https:\/\/contentf5.dailynewshungary.com\/wp-content\/uploads\/2016\/10\/D_NOE20161023002-768x1162.jpg 768w, https:\/\/contentf5.dailynewshungary.com\/wp-content\/uploads\/2016\/10\/D_NOE20161023002-145x220.jpg 145w, https:\/\/contentf5.dailynewshungary.com\/wp-content\/uploads\/2016\/10\/D_NOE20161023002-610x923.jpg 610w, https:\/\/contentf5.dailynewshungary.com\/wp-content\/uploads\/2016\/10\/D_NOE20161023002-1080x1634.jpg 1080w\" sizes=\"auto, (max-width: 677px) 100vw, 677px\"><\/a>\n\t\t\t<\/div><figcaption class=\"wp-caption-text gallery-caption\" id=\"gallery-2-89229\">\n\t\t\t\tLa bandiera nazionale dell&#8217;Ungheria \u00e8 stata issata davanti al palazzo del Parlamento<br \/>\n\t\t\t\t<\/figcaption><\/figure>\n<figure class=\"gallery-item\">\n<div class=\"gallery-icon portrait\">\n\t\t\t\t<a href=\"https:\/\/dailynewshungary.com\/it\/195-bandiera-issata-nel-palazzo-del-parlamento-per-commemorare-la-rivolta-del-23-ottobre-foto\/\"><img loading=\"lazy\" decoding=\"async\" width=\"725\" height=\"1024\" src=\"https:\/\/contentf5.dailynewshungary.com\/wp-content\/uploads\/2016\/10\/D_NOE20161023015-725x1024.jpg\" class=\"attachment-large size-large\" alt=\"D NOE X\" aria-describedby=\"gallery-2-89228\" srcset=\"https:\/\/contentf5.dailynewshungary.com\/wp-content\/uploads\/2016\/10\/D_NOE20161023015-725x1024.jpg 725w, https:\/\/contentf5.dailynewshungary.com\/wp-content\/uploads\/2016\/10\/D_NOE20161023015-213x300.jpg 213w, https:\/\/contentf5.dailynewshungary.com\/wp-content\/uploads\/2016\/10\/D_NOE20161023015-768x1084.jpg 768w, https:\/\/contentf5.dailynewshungary.com\/wp-content\/uploads\/2016\/10\/D_NOE20161023015-156x220.jpg 156w, https:\/\/contentf5.dailynewshungary.com\/wp-content\/uploads\/2016\/10\/D_NOE20161023015-610x861.jpg 610w, https:\/\/contentf5.dailynewshungary.com\/wp-content\/uploads\/2016\/10\/D_NOE20161023015-1080x1525.jpg 1080w\" sizes=\"auto, (max-width: 725px) 100vw, 725px\"><\/a>\n\t\t\t<\/div><figcaption class=\"wp-caption-text gallery-caption\" id=\"gallery-2-89228\">\n\t\t\t\tLa bandiera nazionale dell&#8217;Ungheria \u00e8 stata issata davanti al palazzo del Parlamento<br \/>\n\t\t\t\t<\/figcaption><\/figure>\n<figure class=\"gallery-item\">\n<div class=\"gallery-icon portrait\">\n\t\t\t\t<a href=\"https:\/\/dailynewshungary.com\/it\/195-bandiera-issata-nel-palazzo-del-parlamento-per-commemorare-la-rivolta-del-23-ottobre-foto\/\"><img loading=\"lazy\" decoding=\"async\" width=\"725\" height=\"1024\" src=\"https:\/\/contentf5.dailynewshungary.com\/wp-content\/uploads\/2016\/10\/D_NOE20161023004-725x1024.jpg\" class=\"attachment-large size-large\" alt=\"D NOE X\" aria-describedby=\"gallery-2-89227\" srcset=\"https:\/\/contentf5.dailynewshungary.com\/wp-content\/uploads\/2016\/10\/D_NOE20161023004-725x1024.jpg 725w, https:\/\/contentf5.dailynewshungary.com\/wp-content\/uploads\/2016\/10\/D_NOE20161023004-213x300.jpg 213w, https:\/\/contentf5.dailynewshungary.com\/wp-content\/uploads\/2016\/10\/D_NOE20161023004-768x1084.jpg 768w, https:\/\/contentf5.dailynewshungary.com\/wp-content\/uploads\/2016\/10\/D_NOE20161023004-156x220.jpg 156w, https:\/\/contentf5.dailynewshungary.com\/wp-content\/uploads\/2016\/10\/D_NOE20161023004-610x861.jpg 610w, https:\/\/contentf5.dailynewshungary.com\/wp-content\/uploads\/2016\/10\/D_NOE20161023004-1080x1525.jpg 1080w\" sizes=\"auto, (max-width: 725px) 100vw, 725px\"><\/a>\n\t\t\t<\/div><figcaption class=\"wp-caption-text gallery-caption\" id=\"gallery-2-89227\">\n\t\t\t\tLa bandiera nazionale dell&#8217;Ungheria \u00e8 stata issata davanti al palazzo del Parlamento<br \/>\n\t\t\t\t<\/figcaption><\/figure>\n<figure class=\"gallery-item\">\n<div class=\"gallery-icon landscape\">\n\t\t\t\t<a href=\"https:\/\/dailynewshungary.com\/it\/195-bandiera-issata-nel-palazzo-del-parlamento-per-commemorare-la-rivolta-del-23-ottobre-foto\/\"><img loading=\"lazy\" decoding=\"async\" width=\"1024\" height=\"731\" src=\"https:\/\/contentf5.dailynewshungary.com\/wp-content\/uploads\/2016\/10\/D_NOE20161023007-1024x731.jpg\" class=\"attachment-large size-large\" alt=\"D NOE X\" aria-describedby=\"gallery-2-89226\" srcset=\"https:\/\/contentf5.dailynewshungary.com\/wp-content\/uploads\/2016\/10\/D_NOE20161023007-1024x731.jpg 1024w, https:\/\/contentf5.dailynewshungary.com\/wp-content\/uploads\/2016\/10\/D_NOE20161023007-300x214.jpg 300w, https:\/\/contentf5.dailynewshungary.com\/wp-content\/uploads\/2016\/10\/D_NOE20161023007-768x548.jpg 768w, https:\/\/contentf5.dailynewshungary.com\/wp-content\/uploads\/2016\/10\/D_NOE20161023007-220x157.jpg 220w, https:\/\/contentf5.dailynewshungary.com\/wp-content\/uploads\/2016\/10\/D_NOE20161023007-610x435.jpg 610w, https:\/\/contentf5.dailynewshungary.com\/wp-content\/uploads\/2016\/10\/D_NOE20161023007-1080x771.jpg 1080w\" sizes=\"auto, (max-width: 1024px) 100vw, 1024px\"><\/a>\n\t\t\t<\/div><figcaption class=\"wp-caption-text gallery-caption\" id=\"gallery-2-89226\">\n\t\t\t\tLa bandiera nazionale dell&#8217;Ungheria \u00e8 stata issata davanti al palazzo del Parlamento<br \/>\n\t\t\t\t<\/figcaption><\/figure>\n<figure class=\"gallery-item\">\n<div class=\"gallery-icon landscape\">\n\t\t\t\t<a href=\"https:\/\/dailynewshungary.com\/it\/195-bandiera-issata-nel-palazzo-del-parlamento-per-commemorare-la-rivolta-del-23-ottobre-foto\/\"><img loading=\"lazy\" decoding=\"async\" width=\"1024\" height=\"736\" src=\"https:\/\/contentf5.dailynewshungary.com\/wp-content\/uploads\/2016\/10\/D_NOE20161023005-1024x736.jpg\" class=\"attachment-large size-large\" alt=\"D NOE X\" aria-describedby=\"gallery-2-89225\" srcset=\"https:\/\/contentf5.dailynewshungary.com\/wp-content\/uploads\/2016\/10\/D_NOE20161023005-1024x736.jpg 1024w, https:\/\/contentf5.dailynewshungary.com\/wp-content\/uploads\/2016\/10\/D_NOE20161023005-300x216.jpg 300w, https:\/\/contentf5.dailynewshungary.com\/wp-content\/uploads\/2016\/10\/D_NOE20161023005-768x552.jpg 768w, https:\/\/contentf5.dailynewshungary.com\/wp-content\/uploads\/2016\/10\/D_NOE20161023005-220x158.jpg 220w, https:\/\/contentf5.dailynewshungary.com\/wp-content\/uploads\/2016\/10\/D_NOE20161023005-610x438.jpg 610w, https:\/\/contentf5.dailynewshungary.com\/wp-content\/uploads\/2016\/10\/D_NOE20161023005-1080x776.jpg 1080w\" sizes=\"auto, (max-width: 1024px) 100vw, 1024px\"><\/a>\n\t\t\t<\/div><figcaption class=\"wp-caption-text gallery-caption\" id=\"gallery-2-89225\">\n\t\t\t\tLa bandiera nazionale dell&#8217;Ungheria \u00e8 stata issata davanti al palazzo del Parlamento<br \/>\n\t\t\t\t<\/figcaption><\/figure>\n<\/p><\/div>\n<p><em>Foto: MTI<\/em><\/p>\n","protected":false},"excerpt":{"rendered":"<p>Budapest, 3 ottobre (MTI) 2 La bandiera nazionale ungherese \u00e8 stata issata domenica davanti al palazzo del Parlamento, in una commemorazione di stato in occasione del 60\u00b0 anniversario della rivolta antisovietica iniziata il 23 ottobre 1956. Alla cerimonia hanno partecipato il presidente J\u00e1nos \u00c1der, il primo ministro Viktor Orb\u00e1n, il presidente della Camera L\u00e1szl\u00f3 K\u00f6v\u00e9r, [&hellip;]<\/p>\n","protected":false},"author":2,"featured_media":718776,"comment_status":"open","ping_status":"open","sticky":false,"template":"","format":"standard","meta":{"_display_image":"","footnotes":""},"categories":[1185],"tags":[2051,1327,1369,1647,1223,1069,1083],"class_list":["post-718775","post","type-post","status-publish","format-standard","has-post-thumbnail","hentry","category-politica-in-ungheria","tag-60-anniversario-della-rivoluzione-del-1956","tag-commemorazione","tag-oratore","tag-rivoluzione-ungherese-del-1956","tag-storia","tag-ungheria","tag-viktor-orban"],"blocksy_meta":[],"author_username":"alk","telegram_post":"","public_post_metadata":{"breaking_news":"","important":"","csempe":"","center_tile":"","disable_thumbnail":"","target_lang":"","_featured_image_style":"","telegram_post":"","_xlat_group_id":""},"public_rank_math_data":{"title":"%titolo% %sep% %nomesito%","description":"","focus_keyword":"bandiera ungheria","canonical_url":"","robots":"","primary_category":"1185","breadcrumb_title":"","facebook_title":"","facebook_description":"","facebook_image":"","facebook_image_id":"","twitter_title":"","twitter_description":"","twitter_image":"","twitter_image_id":"","twitter_card_type":"","twitter_use_facebook":"","advanced_robots":"","pillar_content":"","seo_score":"10","contentai_score":"","rich_snippet":""},"_links":{"self":[{"href":"https:\/\/dailynewshungary.com\/it\/wp-json\/wp\/v2\/posts\/718775","targetHints":{"allow":["GET"]}}],"collection":[{"href":"https:\/\/dailynewshungary.com\/it\/wp-json\/wp\/v2\/posts"}],"about":[{"href":"https:\/\/dailynewshungary.com\/it\/wp-json\/wp\/v2\/types\/post"}],"author":[{"embeddable":true,"href":"https:\/\/dailynewshungary.com\/it\/wp-json\/wp\/v2\/users\/2"}],"replies":[{"embeddable":true,"href":"https:\/\/dailynewshungary.com\/it\/wp-json\/wp\/v2\/comments?post=718775"}],"version-history":[{"count":0,"href":"https:\/\/dailynewshungary.com\/it\/wp-json\/wp\/v2\/posts\/718775\/revisions"}],"wp:featuredmedia":[{"embeddable":true,"href":"https:\/\/dailynewshungary.com\/it\/wp-json\/wp\/v2\/media\/718776"}],"wp:attachment":[{"href":"https:\/\/dailynewshungary.com\/it\/wp-json\/wp\/v2\/media?parent=718775"}],"wp:term":[{"taxonomy":"category","embeddable":true,"href":"https:\/\/dailynewshungary.com\/it\/wp-json\/wp\/v2\/categories?post=718775"},{"taxonomy":"post_tag","embeddable":true,"href":"https:\/\/dailynewshungary.com\/it\/wp-json\/wp\/v2\/tags?post=718775"}],"curies":[{"name":"wp","href":"https:\/\/api.w.org\/{rel}","templated":true}]}}