{"id":719589,"date":"2016-09-20T21:20:53","date_gmt":"2016-09-20T19:20:53","guid":{"rendered":"https:\/\/dailynewshungary.com\/it\/lambasciatore-americano-nega-le-notizie-sulla-partenza-prevista\/"},"modified":"2016-09-20T21:20:53","modified_gmt":"2016-09-20T19:20:53","slug":"lambasciatore-americano-nega-le-notizie-sulla-partenza-prevista","status":"publish","type":"post","link":"https:\/\/dailynewshungary.com\/it\/lambasciatore-americano-nega-le-notizie-sulla-partenza-prevista\/","title":{"rendered":"L\u2019ambasciatore americano nega le notizie sulla partenza prevista"},"content":{"rendered":"<p><strong>Budapest, 2 settembre (MTI) Marted\u00ec l&#8217;ambasciatrice americana Colleen Bell ha smentito le notizie della stampa secondo cui intendeva partire, affermando che non avrebbe lasciato il suo incarico a Budapest nel prossimo futuro.<\/strong><\/p>\n<p>Il quotidiano Magyar Nemzet ha riferito marted\u00ec scorso che Bell aveva intenzione di dimettersi dopo le elezioni americane indipendentemente dal loro esito. Il giornale afferma che Bell, nominato dal presidente Barack Obama nel 2014, ha deciso di andarsene poche settimane fa.<\/p>\n<p>L&#8217;ambasciatore ha detto a MTI che il giornale non aveva cercato la reazione dell&#8217;ambasciata. Se lo avesse fatto, gli sarebbe stato detto che nulla \u00e8 pi\u00f9 lontano dalla verit\u00e0, ha aggiunto.<\/p>\n<p>Bell ha detto che servir\u00e0 volentieri il suo paese come ambasciatrice a Budapest e che continuer\u00e0 finch\u00e9 sar\u00e0 possibile.<\/p>\n<p><em>Foto: MTI<\/em><\/p>\n","protected":false},"excerpt":{"rendered":"<p>Budapest, 2 settembre (MTI) Marted\u00ec l&#8217;ambasciatrice americana Colleen Bell ha smentito le notizie della stampa secondo cui intendeva partire, affermando che non avrebbe lasciato il suo incarico a Budapest nel prossimo futuro. Il quotidiano Magyar Nemzet ha riferito marted\u00ec scorso che Bell aveva intenzione di dimettersi dopo le elezioni americane indipendentemente dal loro esito. Il [&hellip;]<\/p>\n","protected":false},"author":2,"featured_media":719590,"comment_status":"open","ping_status":"open","sticky":false,"template":"","format":"standard","meta":{"_display_image":"","footnotes":""},"categories":[1185],"tags":[1092,1111],"class_list":["post-719589","post","type-post","status-publish","format-standard","has-post-thumbnail","hentry","category-politica-in-ungheria","tag-ministero-degli-affari-esteri-dellungheria","tag-stati-uniti"],"blocksy_meta":[],"author_username":"alk","telegram_post":"","public_post_metadata":{"breaking_news":"","important":"","csempe":"","center_tile":"","disable_thumbnail":"","target_lang":"","_featured_image_style":"","telegram_post":"","_xlat_group_id":""},"public_rank_math_data":{"title":"%titolo% %sep% %nomesito%","description":"","focus_keyword":"","canonical_url":"","robots":"","primary_category":"1185","breadcrumb_title":"","facebook_title":"","facebook_description":"","facebook_image":"","facebook_image_id":"","twitter_title":"","twitter_description":"","twitter_image":"","twitter_image_id":"","twitter_card_type":"","twitter_use_facebook":"","advanced_robots":"","pillar_content":"","seo_score":"","contentai_score":"","rich_snippet":""},"_links":{"self":[{"href":"https:\/\/dailynewshungary.com\/it\/wp-json\/wp\/v2\/posts\/719589","targetHints":{"allow":["GET"]}}],"collection":[{"href":"https:\/\/dailynewshungary.com\/it\/wp-json\/wp\/v2\/posts"}],"about":[{"href":"https:\/\/dailynewshungary.com\/it\/wp-json\/wp\/v2\/types\/post"}],"author":[{"embeddable":true,"href":"https:\/\/dailynewshungary.com\/it\/wp-json\/wp\/v2\/users\/2"}],"replies":[{"embeddable":true,"href":"https:\/\/dailynewshungary.com\/it\/wp-json\/wp\/v2\/comments?post=719589"}],"version-history":[{"count":0,"href":"https:\/\/dailynewshungary.com\/it\/wp-json\/wp\/v2\/posts\/719589\/revisions"}],"wp:featuredmedia":[{"embeddable":true,"href":"https:\/\/dailynewshungary.com\/it\/wp-json\/wp\/v2\/media\/719590"}],"wp:attachment":[{"href":"https:\/\/dailynewshungary.com\/it\/wp-json\/wp\/v2\/media?parent=719589"}],"wp:term":[{"taxonomy":"category","embeddable":true,"href":"https:\/\/dailynewshungary.com\/it\/wp-json\/wp\/v2\/categories?post=719589"},{"taxonomy":"post_tag","embeddable":true,"href":"https:\/\/dailynewshungary.com\/it\/wp-json\/wp\/v2\/tags?post=719589"}],"curies":[{"name":"wp","href":"https:\/\/api.w.org\/{rel}","templated":true}]}}