{"id":719622,"date":"2016-09-19T14:59:32","date_gmt":"2016-09-19T12:59:32","guid":{"rendered":"https:\/\/dailynewshungary.com\/it\/il-primo-ministro-viktor-orban-ha-colloqui-con-lamministratore-delegato-di-magyar-suzuki\/"},"modified":"2016-09-19T14:59:32","modified_gmt":"2016-09-19T12:59:32","slug":"il-primo-ministro-viktor-orban-ha-colloqui-con-lamministratore-delegato-di-magyar-suzuki","status":"publish","type":"post","link":"https:\/\/dailynewshungary.com\/it\/il-primo-ministro-viktor-orban-ha-colloqui-con-lamministratore-delegato-di-magyar-suzuki\/","title":{"rendered":"Il primo ministro Viktor Orb\u00e1n ha colloqui con l\u2019amministratore delegato di Magyar Suzuki"},"content":{"rendered":"<p><strong>Il capo dell&#8217;ufficio stampa del primo ministro Bertalan Havasi ha informato kormany.hu che \u201cLuned\u00ec mattina il primo ministro Viktor Orb\u00e1n ha ricevuto il nuovo amministratore delegato di Magyar Suzuki Zrt., il signor Yoshinobu Abe, per una visita introduttiva\u201d.<\/strong><\/p>\n<p>Al dibattito privato hanno partecipato anche il ministro dell&#8217;Economia nazionale Mih\u00e1ly Varga e il deputato di Esztergom P\u00e1l V\u00f6lner, mentre Suzuki era rappresentato anche dal vicedirettore generale L\u00e1szl\u00f3 Urban e dal direttore generale esecutivo R\u00f3bert Kriszti\u00e1n.<\/p>\n<p>Il Primo Ministro e Abe hanno esaminato la posizione di mercato e il ruolo di Magyar Suzuki nella vita dell&#8217;economia ungherese.<\/p>\n<p>\u201cEntrambe le parti hanno riconosciuto il successo di mercato del nuovo modello Vitara, che viene fabbricato in Ungheria La produzione di massa di questo modello \u00e8 stata lanciata alla presenza del primo ministro ungherese, che insieme al signor Abe ha fiducia nell&#8217;ulteriore successo dello stabilimento della societ\u00e0 a Esztergom Il governo ungherese ha ripetuto il suo impegno a considerare pienamente gli interessi di Magyar Suzuki per quanto riguarda lo sviluppo dei trasporti e delle infrastrutture della regione di Kom\u00e1rom-Esztergom\u201d, ha detto il Chief Press Officer.<\/p>\n<p><em>Foto: Gergely Bot\u00e1r<\/em><\/p>\n","protected":false},"excerpt":{"rendered":"<p>Il capo dell&#8217;ufficio stampa del primo ministro Bertalan Havasi ha informato kormany.hu che \u201cLuned\u00ec mattina il primo ministro Viktor Orb\u00e1n ha ricevuto il nuovo amministratore delegato di Magyar Suzuki Zrt., il signor Yoshinobu Abe, per una visita introduttiva\u201d. Al dibattito privato hanno partecipato anche il ministro dell&#8217;Economia nazionale Mih\u00e1ly Varga e il deputato di Esztergom [&hellip;]<\/p>\n","protected":false},"author":2,"featured_media":719623,"comment_status":"open","ping_status":"open","sticky":false,"template":"","format":"standard","meta":{"_display_image":"","footnotes":""},"categories":[1314],"tags":[1157,1488,1083],"class_list":["post-719622","post","type-post","status-publish","format-standard","has-post-thumbnail","hentry","category-economia-in-ungheria","tag-asia","tag-industriale","tag-viktor-orban"],"blocksy_meta":[],"author_username":"alk","telegram_post":"","public_post_metadata":{"breaking_news":"","important":"","csempe":"","center_tile":"","disable_thumbnail":"","target_lang":"","_featured_image_style":"","telegram_post":"","_xlat_group_id":""},"public_rank_math_data":{"title":"%titolo% %sep% %nomesito%","description":"","focus_keyword":"Suzuki Ungheria","canonical_url":"","robots":"","primary_category":"1314","breadcrumb_title":"","facebook_title":"","facebook_description":"","facebook_image":"","facebook_image_id":"","twitter_title":"","twitter_description":"","twitter_image":"","twitter_image_id":"","twitter_card_type":"","twitter_use_facebook":"","advanced_robots":"","pillar_content":"","seo_score":"1","contentai_score":"","rich_snippet":""},"_links":{"self":[{"href":"https:\/\/dailynewshungary.com\/it\/wp-json\/wp\/v2\/posts\/719622","targetHints":{"allow":["GET"]}}],"collection":[{"href":"https:\/\/dailynewshungary.com\/it\/wp-json\/wp\/v2\/posts"}],"about":[{"href":"https:\/\/dailynewshungary.com\/it\/wp-json\/wp\/v2\/types\/post"}],"author":[{"embeddable":true,"href":"https:\/\/dailynewshungary.com\/it\/wp-json\/wp\/v2\/users\/2"}],"replies":[{"embeddable":true,"href":"https:\/\/dailynewshungary.com\/it\/wp-json\/wp\/v2\/comments?post=719622"}],"version-history":[{"count":0,"href":"https:\/\/dailynewshungary.com\/it\/wp-json\/wp\/v2\/posts\/719622\/revisions"}],"wp:featuredmedia":[{"embeddable":true,"href":"https:\/\/dailynewshungary.com\/it\/wp-json\/wp\/v2\/media\/719623"}],"wp:attachment":[{"href":"https:\/\/dailynewshungary.com\/it\/wp-json\/wp\/v2\/media?parent=719622"}],"wp:term":[{"taxonomy":"category","embeddable":true,"href":"https:\/\/dailynewshungary.com\/it\/wp-json\/wp\/v2\/categories?post=719622"},{"taxonomy":"post_tag","embeddable":true,"href":"https:\/\/dailynewshungary.com\/it\/wp-json\/wp\/v2\/tags?post=719622"}],"curies":[{"name":"wp","href":"https:\/\/api.w.org\/{rel}","templated":true}]}}