{"id":719703,"date":"2016-09-16T11:10:37","date_gmt":"2016-09-16T09:10:37","guid":{"rendered":"https:\/\/dailynewshungary.com\/it\/il-ministro-degli-esteri-ungherese-leuropa-occidentale-in-stato-di-ingenuita\/"},"modified":"2016-09-16T11:10:37","modified_gmt":"2016-09-16T09:10:37","slug":"il-ministro-degli-esteri-ungherese-leuropa-occidentale-in-stato-di-ingenuita","status":"publish","type":"post","link":"https:\/\/dailynewshungary.com\/it\/il-ministro-degli-esteri-ungherese-leuropa-occidentale-in-stato-di-ingenuita\/","title":{"rendered":"Il ministro degli Esteri ungherese: l\u2019Europa occidentale in \u201cstato di ingenuit\u00e0\u201d"},"content":{"rendered":"<p><strong>Budapest, 6 settembre (MTI) 1 L&#8217;Europa occidentale \u00e8 in uno stato di ingenuit\u00e0\u201d perch\u00e9 nell&#8217;ultimo anno, mentre l&#8217;Europa non \u00e8 riuscita a trovare le soluzioni comuni che i politici dell&#8217;Europa occidentale hanno sostenuto, il terrorismo si \u00e8 infiltrato nel continente, ha detto il ministro degli Esteri ungherese al quotidiano Magyar H\u00edrlap venerd\u00ec.<\/strong><\/p>\n<p>P\u00e9ter Szijj\u00e1rt\u00f3 ha detto che i leader dell&#8217;UE oggi stanno perseguendo politiche pericolose che, secondo lui, minacciano anche la sicurezza del blocco. Ha detto che la sicurezza deve essere il punto focale di ogni politica europea perch\u00e9 l&#8217;\u201cterrorismo si \u00e8 infiltrato in Europe\u201d. L&#8217;afflusso di migranti in Europa ha indebolito enormemente la sicurezza pubblica nel continente, ha aggiunto.<\/p>\n<p>Szijj\u00e1rt\u00f3 ha affermato che la risorsa pi\u00f9 grande dell\u2019Europa \u00e8 la sua unit\u00e0, aggiungendo, tuttavia, che i leader dell\u2019UE sostengono l\u2019unit\u00e0 solo a parole. Quando vogliono qualcosa, quell\u2019obiettivo deve essere sostenuto da ogni Stato membro, ma se un altro paese vuole qualcosa allora si considera che mina l\u2019unit\u00e0 dell\u2019UE, ha sostenuto Szijj\u00e1rt\u00f3.<\/p>\n<p>Secondo lui \u00e8 naturale che 28 Stati membri abbiano controversie tra loro, ma il problema \u00e8 che i paesi che la pensano diversamente sono stigmatizzati.<\/p>\n<p>Riguardo all&#8217;accordo UE-Turchia sulla migrazione, Szijj\u00e1rt\u00f3 ha detto che l&#8217;UE ha commesso un grosso errore facendo credere alla Turchia che potrebbe essere concesso lo status di esente da visto se si attenesse all&#8217;accordo Ma \u201canche i governi UE pi\u00f9 favorevoli ai migranti si oppongono fermamente a concedere alla Turchia un&#8217;esenzione dal visto, ha detto Szijj\u00e1rt\u00f3.<\/p>\n<p>Ha affermato che esiste una possibilit\u00e0 realistica che l\u2019Europa possa affrontare una nuova ondata migratoria, aggiungendo che il continente non sar\u00e0 preparato a questo.<\/p>\n<p><em>Foto: MTI<\/em><\/p>\n","protected":false},"excerpt":{"rendered":"<p>Budapest, 6 settembre (MTI) 1 L&#8217;Europa occidentale \u00e8 in uno stato di ingenuit\u00e0\u201d perch\u00e9 nell&#8217;ultimo anno, mentre l&#8217;Europa non \u00e8 riuscita a trovare le soluzioni comuni che i politici dell&#8217;Europa occidentale hanno sostenuto, il terrorismo si \u00e8 infiltrato nel continente, ha detto il ministro degli Esteri ungherese al quotidiano Magyar H\u00edrlap venerd\u00ec. P\u00e9ter Szijj\u00e1rt\u00f3 ha [&hellip;]<\/p>\n","protected":false},"author":2,"featured_media":719704,"comment_status":"open","ping_status":"open","sticky":false,"template":"","format":"standard","meta":{"_display_image":"","footnotes":""},"categories":[1185],"tags":[1092,1075],"class_list":["post-719703","post","type-post","status-publish","format-standard","has-post-thumbnail","hentry","category-politica-in-ungheria","tag-ministero-degli-affari-esteri-dellungheria","tag-unione-europea"],"blocksy_meta":[],"author_username":"alk","telegram_post":"","public_post_metadata":{"breaking_news":"","important":"","csempe":"","center_tile":"","disable_thumbnail":"","target_lang":"","_featured_image_style":"","telegram_post":"","_xlat_group_id":""},"public_rank_math_data":{"title":"%titolo% %sep% %nomesito%","description":"","focus_keyword":"","canonical_url":"","robots":"","primary_category":"1185","breadcrumb_title":"","facebook_title":"","facebook_description":"","facebook_image":"","facebook_image_id":"","twitter_title":"","twitter_description":"","twitter_image":"","twitter_image_id":"","twitter_card_type":"","twitter_use_facebook":"","advanced_robots":"","pillar_content":"","seo_score":"","contentai_score":"","rich_snippet":""},"_links":{"self":[{"href":"https:\/\/dailynewshungary.com\/it\/wp-json\/wp\/v2\/posts\/719703","targetHints":{"allow":["GET"]}}],"collection":[{"href":"https:\/\/dailynewshungary.com\/it\/wp-json\/wp\/v2\/posts"}],"about":[{"href":"https:\/\/dailynewshungary.com\/it\/wp-json\/wp\/v2\/types\/post"}],"author":[{"embeddable":true,"href":"https:\/\/dailynewshungary.com\/it\/wp-json\/wp\/v2\/users\/2"}],"replies":[{"embeddable":true,"href":"https:\/\/dailynewshungary.com\/it\/wp-json\/wp\/v2\/comments?post=719703"}],"version-history":[{"count":0,"href":"https:\/\/dailynewshungary.com\/it\/wp-json\/wp\/v2\/posts\/719703\/revisions"}],"wp:featuredmedia":[{"embeddable":true,"href":"https:\/\/dailynewshungary.com\/it\/wp-json\/wp\/v2\/media\/719704"}],"wp:attachment":[{"href":"https:\/\/dailynewshungary.com\/it\/wp-json\/wp\/v2\/media?parent=719703"}],"wp:term":[{"taxonomy":"category","embeddable":true,"href":"https:\/\/dailynewshungary.com\/it\/wp-json\/wp\/v2\/categories?post=719703"},{"taxonomy":"post_tag","embeddable":true,"href":"https:\/\/dailynewshungary.com\/it\/wp-json\/wp\/v2\/tags?post=719703"}],"curies":[{"name":"wp","href":"https:\/\/api.w.org\/{rel}","templated":true}]}}