{"id":719715,"date":"2016-09-15T22:18:05","date_gmt":"2016-09-15T20:18:05","guid":{"rendered":"https:\/\/dailynewshungary.com\/it\/orban-spingera-per-il-rafforzamento-degli-stati-nazionali-al-vertice-ue\/"},"modified":"2016-09-15T22:18:05","modified_gmt":"2016-09-15T20:18:05","slug":"orban-spingera-per-il-rafforzamento-degli-stati-nazionali-al-vertice-ue","status":"publish","type":"post","link":"https:\/\/dailynewshungary.com\/it\/orban-spingera-per-il-rafforzamento-degli-stati-nazionali-al-vertice-ue\/","title":{"rendered":"Orb\u00e1n spinger\u00e0 per il rafforzamento degli stati nazionali al vertice UE"},"content":{"rendered":"<p><strong>Budapest, 1 settembre (MTI) 1 Il primo ministro ungherese Viktor Orb\u00e1n sosterr\u00e0 che l&#8217;UE rimanga l&#8217;Europa delle nazioni\u201d al prossimo vertice UE a Pozsony (Bratislava), ha detto gioved\u00ec il capo dell&#8217;ufficio governativo.<\/strong><\/p>\n<p>L&#8217;Ungheria proporr\u00e0 che la Commissione Europea (che ritiene abbia oltrepassato la sua autorit\u00e0) ritorni a svolgere una funzione esecutiva all&#8217;interno dell&#8217;UE, ha detto J\u00e1z\u00e1r in una conferenza stampa settimanale del governo.<\/p>\n<p>\u201cL&#8217;equilibrio dovrebbe essere ripristinato; gli eccessivi poteri della Commissione devono essere frenati, ha detto\u201d L\u00e1z\u00e1r. Ha sostenuto che la commissione non pu\u00f2 avere politiche proprie contrarie agli interessi degli Stati membri. Ha aggiunto che il reinsediamento obbligatorio dei migranti \u00e8 uno di questi ambiti.<\/p>\n<p>Ha detto che al vertice di Bratislava i paesi dell&#8217;Europa centrale nomineranno la protezione del confine bulgaro come il compito numero uno che l&#8217;UE dovrebbe affrontare, aggiungendo che il futuro dell&#8217;Europa sar\u00e0 determinato al confine bulgaro-turco.<\/p>\n<p>Gli Stati membri dell&#8217;Europa centrale parleranno anche della loro cooperazione e del mercato comune, della necessit\u00e0 di un esercito comune dell&#8217;UE e della necessit\u00e0 di rafforzare Frontex, l&#8217;agenzia di frontiera del blocco, ha detto L\u00e1z\u00e1r. Il gruppo Visegrad Four di Repubblica Ceca, Ungheria, Polonia e Slovacchia metter\u00e0 in evidenza anche l&#8217;importanza della disciplina fiscale, ha aggiunto.<\/p>\n<p>L\u00e1z\u00e1r ha affermato che l&#8217;UE non finanzier\u00e0 completamente il reinsediamento dei migranti e ha insistito sul fatto che un possibile fallimento dell&#8217;imminente referendum ungherese sulle quote comporterebbe il sacrificio di \u201ca da parte dei cittadini ungheresi\u201d.<\/p>\n<p style=\"text-align: center;\">&nbsp;<iframe loading=\"lazy\" style=\"border: none; overflow: hidden;\" src=\"https:\/\/www.facebook.com\/plugins\/post.php?href=https%3A%2F%2Fwww.facebook.com%2Fdailynewshungary%2Fposts%2F1095921397110097&amp;width=500\" width=\"500\" height=\"260\" frameborder=\"0\" scrolling=\"no\"><\/iframe><\/p>\n<p>L\u00e1z\u00e1r ha detto in risposta a una domanda che i comuni che accolgono i migranti avrebbero pi\u00f9 persone da sovvenzionare e che il sussidio pro capite dovrebbe essere ridotto. Ha anche detto che i sussidi sociali sarebbero la stessa cifra in tutta l\u2019UE e riceverebbero \u201cquattro o cinque volte pi\u00f9 re\u201d dei rom ungheresi.<\/p>\n<p>Rispondendo ad ulteriori domande, L\u00e1z\u00e1r ha affermato che l&#8217;UE vorrebbe distribuire una \u201c\u201d stimata di 2 milioni di migranti tra i suoi membri, e l&#8217;Ungheria dovrebbe accoglierne 130.000. L\u00e1z\u00e1r ha ribadito la posizione del governo secondo cui gli aiuti dovrebbero essere forniti laddove il problema \u00e8, ad esempio sotto forma di costruzione di un ospedale in Siria. Fornire assistenza non pu\u00f2 portare a sviluppi sociali non previsti, ha aggiunto.<\/p>\n<p><em>Foto: MTI<\/em><\/p>\n","protected":false},"excerpt":{"rendered":"<p>Budapest, 1 settembre (MTI) 1 Il primo ministro ungherese Viktor Orb\u00e1n sosterr\u00e0 che l&#8217;UE rimanga l&#8217;Europa delle nazioni\u201d al prossimo vertice UE a Pozsony (Bratislava), ha detto gioved\u00ec il capo dell&#8217;ufficio governativo. L&#8217;Ungheria proporr\u00e0 che la Commissione Europea (che ritiene abbia oltrepassato la sua autorit\u00e0) ritorni a svolgere una funzione esecutiva all&#8217;interno dell&#8217;UE, ha detto [&hellip;]<\/p>\n","protected":false},"author":2,"featured_media":719716,"comment_status":"open","ping_status":"open","sticky":false,"template":"","format":"standard","meta":{"_display_image":"","footnotes":""},"categories":[1185],"tags":[1075,1083],"class_list":["post-719715","post","type-post","status-publish","format-standard","has-post-thumbnail","hentry","category-politica-in-ungheria","tag-unione-europea","tag-viktor-orban"],"blocksy_meta":[],"author_username":"alk","telegram_post":"","public_post_metadata":{"breaking_news":"","important":"","csempe":"","center_tile":"","disable_thumbnail":"","target_lang":"","_featured_image_style":"","telegram_post":"","_xlat_group_id":""},"public_rank_math_data":{"title":"%titolo% %sep% %nomesito%","description":"","focus_keyword":"Governo Ungheria","canonical_url":"","robots":"","primary_category":"1185","breadcrumb_title":"","facebook_title":"","facebook_description":"","facebook_image":"","facebook_image_id":"","twitter_title":"","twitter_description":"","twitter_image":"","twitter_image_id":"","twitter_card_type":"","twitter_use_facebook":"","advanced_robots":"","pillar_content":"","seo_score":"3","contentai_score":"","rich_snippet":""},"_links":{"self":[{"href":"https:\/\/dailynewshungary.com\/it\/wp-json\/wp\/v2\/posts\/719715","targetHints":{"allow":["GET"]}}],"collection":[{"href":"https:\/\/dailynewshungary.com\/it\/wp-json\/wp\/v2\/posts"}],"about":[{"href":"https:\/\/dailynewshungary.com\/it\/wp-json\/wp\/v2\/types\/post"}],"author":[{"embeddable":true,"href":"https:\/\/dailynewshungary.com\/it\/wp-json\/wp\/v2\/users\/2"}],"replies":[{"embeddable":true,"href":"https:\/\/dailynewshungary.com\/it\/wp-json\/wp\/v2\/comments?post=719715"}],"version-history":[{"count":0,"href":"https:\/\/dailynewshungary.com\/it\/wp-json\/wp\/v2\/posts\/719715\/revisions"}],"wp:featuredmedia":[{"embeddable":true,"href":"https:\/\/dailynewshungary.com\/it\/wp-json\/wp\/v2\/media\/719716"}],"wp:attachment":[{"href":"https:\/\/dailynewshungary.com\/it\/wp-json\/wp\/v2\/media?parent=719715"}],"wp:term":[{"taxonomy":"category","embeddable":true,"href":"https:\/\/dailynewshungary.com\/it\/wp-json\/wp\/v2\/categories?post=719715"},{"taxonomy":"post_tag","embeddable":true,"href":"https:\/\/dailynewshungary.com\/it\/wp-json\/wp\/v2\/tags?post=719715"}],"curies":[{"name":"wp","href":"https:\/\/api.w.org\/{rel}","templated":true}]}}