{"id":719780,"date":"2016-09-13T15:35:03","date_gmt":"2016-09-13T13:35:03","guid":{"rendered":"https:\/\/dailynewshungary.com\/it\/il-ministro-degli-esteri-ungherese-detiene-i-legami-in-moldavia-update\/"},"modified":"2016-09-13T15:35:03","modified_gmt":"2016-09-13T13:35:03","slug":"il-ministro-degli-esteri-ungherese-detiene-i-legami-in-moldavia-update","status":"publish","type":"post","link":"https:\/\/dailynewshungary.com\/it\/il-ministro-degli-esteri-ungherese-detiene-i-legami-in-moldavia-update\/","title":{"rendered":"Il ministro degli Esteri ungherese detiene i legami in Moldavia UPDATE"},"content":{"rendered":"<p><strong>Chisinau, 13 settembre (MTI) La stabilit\u00e0 e la pace nell&#8217;Unione europea nelle regioni vicine orientali sono altrettanto importanti per la sicurezza del blocco quanto la stabilit\u00e0 nei vicini meridionali dell&#8217;UE, ha affermato marted\u00ec il ministro degli Esteri ungherese.<\/strong><\/p>\n<p>Ogni politica europea deve ora concentrarsi sul ristabilimento della sicurezza nel continente e la stabilit\u00e0 nella regione vicina orientale dell&#8217;UE \u00e8 fondamentale per questo, ha detto P\u00e9ter Szijj\u00e1rt\u00f3 a MTI dopo i colloqui con i funzionari moldavi a Chisinau.<\/p>\n<p>Szijj\u00e1rt\u00f3 ha incontrato il presidente moldavo Nicolae Timofti, il primo ministro Pavel Filip e il ministro degli Affari esteri e dell&#8217;integrazione europea Andrei Galbur.<\/p>\n<p><img loading=\"lazy\" decoding=\"async\" class=\"size-large wp-image-83940 aligncenter\" src=\"https:\/\/dailynewshungary.com\/wp-content\/uploads\/2016\/09\/D_MTI20160913001-1024x683.jpg\" alt=\"Szijj\u00e1rt\u00f3 P\u00e9ter; GALBUR, Andrei\" width=\"1024\" height=\"683\" srcset=\"https:\/\/contentf5.dailynewshungary.com\/wp-content\/uploads\/2016\/09\/D_MTI20160913001-1024x683.jpg 1024w, https:\/\/contentf5.dailynewshungary.com\/wp-content\/uploads\/2016\/09\/D_MTI20160913001-300x200.jpg 300w, https:\/\/contentf5.dailynewshungary.com\/wp-content\/uploads\/2016\/09\/D_MTI20160913001-768x512.jpg 768w, https:\/\/contentf5.dailynewshungary.com\/wp-content\/uploads\/2016\/09\/D_MTI20160913001-220x147.jpg 220w, https:\/\/contentf5.dailynewshungary.com\/wp-content\/uploads\/2016\/09\/D_MTI20160913001-610x407.jpg 610w, https:\/\/contentf5.dailynewshungary.com\/wp-content\/uploads\/2016\/09\/D_MTI20160913001-1080x720.jpg 1080w\" sizes=\"auto, (max-width: 1024px) 100vw, 1024px\"><\/p>\n<p>Essendo un paese che si trova alla periferia orientale dell&#8217;UE, l&#8217;Ungheria \u00e8 pienamente consapevole dell&#8217;importanza della stabilit\u00e0 nelle regioni orientali, ha affermato Szijj\u00e1rt\u00f3, aggiungendo che l&#8217;Ungheria esorta a intensificare il programma di partenariato orientale dell&#8217;UE.<\/p>\n<p>Il ministro ha definito la Moldavia la \u201ctop student\u201d nel programma e ha affermato che il paese \u00e8 cruciale per la stabilit\u00e0 e la pace della regione.<\/p>\n<p>Szijj\u00e1rt\u00f3 ha detto che l&#8217;Ungheria esorta ad accelerare il processo di integrazione della Moldavia nell&#8217;UE, sostenendo che questo aumenterebbe sia il paese che la stabilit\u00e0 della regione, Questo non \u00e8 solo una sicurezza, ma anche un interesse economico, ha aggiunto.<\/p>\n<p>Nei loro colloqui, Szijj\u00e1rt\u00f3 e i suoi partner hanno concordato di intensificare le relazioni economiche bilaterali nel settore dell\u2019agricoltura, dell\u2019industria farmaceutica e della gestione dell\u2019acqua.<\/p>\n<p>Per quanto riguarda i legami agricoli, il ministro ha osservato che sia l&#8217;Ungheria che la Moldavia sono impegnate a rendere l&#8217;Europa una zona priva di OGM.<\/p>\n<p>Ungheria e Moldavia hanno firmato un accordo di sicurezza alimentare e di cooperazione agricola.<\/p>\n<p>I due paesi hanno inoltre concordato che l&#8217;Ungheria esporter\u00e0 in Moldavia tecnologie di irrigazione per un valore di 400.000 dollari USA nel quadro di un programma delle Nazioni Unite per contribuire a modernizzare l&#8217;agricoltura del paese.<\/p>\n<p>Nei colloqui sul commercio di prodotti farmaceutici, Szijjarto ha chiesto ai suoi partner di fornire un ambiente imprenditoriale pi\u00f9 flessibile e favorevole per le aziende farmaceutiche straniere. Ha osservato che Richter ungherese \u00e8 leader di mercato in Moldavia e ha affermato che l&#8217;azienda potrebbe aumentare le proprie attivit\u00e0 di mercato in un contesto imprenditoriale pi\u00f9 favorevole.<\/p>\n<p><img loading=\"lazy\" decoding=\"async\" class=\"size-large wp-image-83942 aligncenter\" src=\"https:\/\/dailynewshungary.com\/wp-content\/uploads\/2016\/09\/D_MTI20160913002-1024x683.jpg\" alt=\"Budai Gyula; TULEA, Oleg; Szijj\u00e1rt\u00f3 P\u00e9ter; Csutora Zsolt; Szil\u00e1gyi M\u00e1ty\u00e1s; FILIPPO, Paolo\" width=\"1024\" height=\"683\" srcset=\"https:\/\/contentf5.dailynewshungary.com\/wp-content\/uploads\/2016\/09\/D_MTI20160913002-1024x683.jpg 1024w, https:\/\/contentf5.dailynewshungary.com\/wp-content\/uploads\/2016\/09\/D_MTI20160913002-300x200.jpg 300w, https:\/\/contentf5.dailynewshungary.com\/wp-content\/uploads\/2016\/09\/D_MTI20160913002-768x512.jpg 768w, https:\/\/contentf5.dailynewshungary.com\/wp-content\/uploads\/2016\/09\/D_MTI20160913002-220x147.jpg 220w, https:\/\/contentf5.dailynewshungary.com\/wp-content\/uploads\/2016\/09\/D_MTI20160913002-610x407.jpg 610w, https:\/\/contentf5.dailynewshungary.com\/wp-content\/uploads\/2016\/09\/D_MTI20160913002-1080x720.jpg 1080w\" sizes=\"auto, (max-width: 1024px) 100vw, 1024px\"><\/p>\n<p>Szijj\u00e1rt\u00f3 ha affermato che le tecnologie ungheresi di gestione dell&#8217;acqua sono molto richieste in Moldavia, ha affermato che la Eximbank ungherese ha aperto una linea di credito da 61 milioni di euro per incrementare il commercio in quest&#8217;area e garantire che il volume degli scambi bilaterali superi i 100 milioni di euro.<\/p>\n<p>Szijj\u00e1rt\u00f3 ha concordato con i suoi partner che l&#8217;Ungheria offrir\u00e0 borse di studio a 30 studenti universitari moldavi.<\/p>\n<p><em>Foto: MTI<\/em><\/p>\n","protected":false},"excerpt":{"rendered":"<p>Chisinau, 13 settembre (MTI) La stabilit\u00e0 e la pace nell&#8217;Unione europea nelle regioni vicine orientali sono altrettanto importanti per la sicurezza del blocco quanto la stabilit\u00e0 nei vicini meridionali dell&#8217;UE, ha affermato marted\u00ec il ministro degli Esteri ungherese. Ogni politica europea deve ora concentrarsi sul ristabilimento della sicurezza nel continente e la stabilit\u00e0 nella regione [&hellip;]<\/p>\n","protected":false},"author":2,"featured_media":719781,"comment_status":"open","ping_status":"open","sticky":false,"template":"","format":"standard","meta":{"_display_image":"","footnotes":""},"categories":[1185],"tags":[1092,1075],"class_list":["post-719780","post","type-post","status-publish","format-standard","has-post-thumbnail","hentry","category-politica-in-ungheria","tag-ministero-degli-affari-esteri-dellungheria","tag-unione-europea"],"blocksy_meta":[],"author_username":"alk","telegram_post":"","public_post_metadata":{"breaking_news":"","important":"","csempe":"","center_tile":"","disable_thumbnail":"","target_lang":"","_featured_image_style":"","telegram_post":"","_xlat_group_id":""},"public_rank_math_data":{"title":"%titolo% %sep% %nomesito%","description":"","focus_keyword":"Moldavia Ungheria","canonical_url":"","robots":"","primary_category":"1185","breadcrumb_title":"","facebook_title":"","facebook_description":"","facebook_image":"","facebook_image_id":"","twitter_title":"","twitter_description":"","twitter_image":"","twitter_image_id":"","twitter_card_type":"","twitter_use_facebook":"","advanced_robots":"","pillar_content":"","seo_score":"4","contentai_score":"","rich_snippet":""},"_links":{"self":[{"href":"https:\/\/dailynewshungary.com\/it\/wp-json\/wp\/v2\/posts\/719780","targetHints":{"allow":["GET"]}}],"collection":[{"href":"https:\/\/dailynewshungary.com\/it\/wp-json\/wp\/v2\/posts"}],"about":[{"href":"https:\/\/dailynewshungary.com\/it\/wp-json\/wp\/v2\/types\/post"}],"author":[{"embeddable":true,"href":"https:\/\/dailynewshungary.com\/it\/wp-json\/wp\/v2\/users\/2"}],"replies":[{"embeddable":true,"href":"https:\/\/dailynewshungary.com\/it\/wp-json\/wp\/v2\/comments?post=719780"}],"version-history":[{"count":0,"href":"https:\/\/dailynewshungary.com\/it\/wp-json\/wp\/v2\/posts\/719780\/revisions"}],"wp:featuredmedia":[{"embeddable":true,"href":"https:\/\/dailynewshungary.com\/it\/wp-json\/wp\/v2\/media\/719781"}],"wp:attachment":[{"href":"https:\/\/dailynewshungary.com\/it\/wp-json\/wp\/v2\/media?parent=719780"}],"wp:term":[{"taxonomy":"category","embeddable":true,"href":"https:\/\/dailynewshungary.com\/it\/wp-json\/wp\/v2\/categories?post=719780"},{"taxonomy":"post_tag","embeddable":true,"href":"https:\/\/dailynewshungary.com\/it\/wp-json\/wp\/v2\/tags?post=719780"}],"curies":[{"name":"wp","href":"https:\/\/api.w.org\/{rel}","templated":true}]}}