{"id":719785,"date":"2016-09-13T11:51:02","date_gmt":"2016-09-13T09:51:02","guid":{"rendered":"https:\/\/dailynewshungary.com\/it\/szijjarto-lussemburgo-straniero-min-da-non-prendere-sul-serio\/"},"modified":"2016-09-13T11:51:02","modified_gmt":"2016-09-13T09:51:02","slug":"szijjarto-lussemburgo-straniero-min-da-non-prendere-sul-serio","status":"publish","type":"post","link":"https:\/\/dailynewshungary.com\/it\/szijjarto-lussemburgo-straniero-min-da-non-prendere-sul-serio\/","title":{"rendered":"Szijj\u00e1rt\u00f3: Lussemburgo straniero min \u2018da non prendere sul serio\u2019"},"content":{"rendered":"<p><strong>Budapest, 3 settembre (MTI) 1 Il ministro degli Esteri P\u00e9ter Sjj\u00e1rt\u00f3 ha respinto le osservazioni del suo omologo lussemburghese che chiedeva l&#8217;espulsione dell&#8217;Ungheria dall&#8217;UE, affermando che Jean Asselborn \u00e8 un politico di \u201cleghtweight\u201d deciso a distruggere la sicurezza e la cultura dell&#8217;Europa\u201d.<\/strong><\/p>\n<p>Asselborn ha detto marted\u00ec al Die Welt tedesco che l&#8217;UE non potrebbe mantenere la sua unit\u00e0 a meno che la comunit\u00e0 non escluda l&#8217;Ungheria, un paese che ha gravemente violato i valori europei costruendo una recinzione contro i rifugiati di guerra\u201d Ha anche accusato l&#8217;Ungheria di frenare la libert\u00e0 di stampa e l&#8217;indipendenza della magistratura.<\/p>\n<p>Szijj\u00e1rt\u00f3 ha affermato che dopo aver patronato e frustrato la\u201d, Asselborn si \u00e8 escluso da tempo tra i politici per essere preso sul serio la\u201d.<\/p>\n<p>Riguardo al prossimo referendum, Szijj\u00e1rt\u00f3 ha detto che gli elettori ungheresi avranno l&#8217;opportunit\u00e0 di indicare con chi vogliono vivere insieme e con chi non vengono a capo. Il 2 ottobre si pronunceranno su \u201cimmigrazione clandestina, il sistema delle quote di Bruxelles, e su cifre come Asselborn\u201d, ha insistito.<\/p>\n","protected":false},"excerpt":{"rendered":"<p>Budapest, 3 settembre (MTI) 1 Il ministro degli Esteri P\u00e9ter Sjj\u00e1rt\u00f3 ha respinto le osservazioni del suo omologo lussemburghese che chiedeva l&#8217;espulsione dell&#8217;Ungheria dall&#8217;UE, affermando che Jean Asselborn \u00e8 un politico di \u201cleghtweight\u201d deciso a distruggere la sicurezza e la cultura dell&#8217;Europa\u201d. Asselborn ha detto marted\u00ec al Die Welt tedesco che l&#8217;UE non potrebbe mantenere [&hellip;]<\/p>\n","protected":false},"author":2,"featured_media":719786,"comment_status":"open","ping_status":"open","sticky":false,"template":"","format":"standard","meta":{"_display_image":"","footnotes":""},"categories":[1185],"tags":[1092,1075],"class_list":["post-719785","post","type-post","status-publish","format-standard","has-post-thumbnail","hentry","category-politica-in-ungheria","tag-ministero-degli-affari-esteri-dellungheria","tag-unione-europea"],"blocksy_meta":[],"author_username":"alk","telegram_post":"","public_post_metadata":{"breaking_news":"","important":"","csempe":"","center_tile":"","disable_thumbnail":"","target_lang":"","_featured_image_style":"","telegram_post":"","_xlat_group_id":""},"public_rank_math_data":{"title":"%titolo% %sep% %nomesito%","description":"","focus_keyword":"Lussemburgo Ungheria","canonical_url":"","robots":"","primary_category":"1185","breadcrumb_title":"","facebook_title":"","facebook_description":"","facebook_image":"","facebook_image_id":"","twitter_title":"","twitter_description":"","twitter_image":"","twitter_image_id":"","twitter_card_type":"","twitter_use_facebook":"","advanced_robots":"","pillar_content":"","seo_score":"1","contentai_score":"","rich_snippet":""},"_links":{"self":[{"href":"https:\/\/dailynewshungary.com\/it\/wp-json\/wp\/v2\/posts\/719785","targetHints":{"allow":["GET"]}}],"collection":[{"href":"https:\/\/dailynewshungary.com\/it\/wp-json\/wp\/v2\/posts"}],"about":[{"href":"https:\/\/dailynewshungary.com\/it\/wp-json\/wp\/v2\/types\/post"}],"author":[{"embeddable":true,"href":"https:\/\/dailynewshungary.com\/it\/wp-json\/wp\/v2\/users\/2"}],"replies":[{"embeddable":true,"href":"https:\/\/dailynewshungary.com\/it\/wp-json\/wp\/v2\/comments?post=719785"}],"version-history":[{"count":0,"href":"https:\/\/dailynewshungary.com\/it\/wp-json\/wp\/v2\/posts\/719785\/revisions"}],"wp:featuredmedia":[{"embeddable":true,"href":"https:\/\/dailynewshungary.com\/it\/wp-json\/wp\/v2\/media\/719786"}],"wp:attachment":[{"href":"https:\/\/dailynewshungary.com\/it\/wp-json\/wp\/v2\/media?parent=719785"}],"wp:term":[{"taxonomy":"category","embeddable":true,"href":"https:\/\/dailynewshungary.com\/it\/wp-json\/wp\/v2\/categories?post=719785"},{"taxonomy":"post_tag","embeddable":true,"href":"https:\/\/dailynewshungary.com\/it\/wp-json\/wp\/v2\/tags?post=719785"}],"curies":[{"name":"wp","href":"https:\/\/api.w.org\/{rel}","templated":true}]}}