{"id":719963,"date":"2016-09-06T21:37:53","date_gmt":"2016-09-06T19:37:53","guid":{"rendered":"https:\/\/dailynewshungary.com\/it\/il-vice-primo-ministro-turco-tiene-colloqui-in-ungheria\/"},"modified":"2016-09-06T21:37:53","modified_gmt":"2016-09-06T19:37:53","slug":"il-vice-primo-ministro-turco-tiene-colloqui-in-ungheria","status":"publish","type":"post","link":"https:\/\/dailynewshungary.com\/it\/il-vice-primo-ministro-turco-tiene-colloqui-in-ungheria\/","title":{"rendered":"Il vice primo ministro turco tiene colloqui in Ungheria"},"content":{"rendered":"<p><strong>Budapest, 6 settembre (MTI) 6 L&#8217;economia turca ha registrato notevoli progressi negli ultimi anni ed \u00e8 quindi importante per l&#8217;Ungheria mantenere legami economici ben equilibrati con la Turchia, ha detto marted\u00ec il ministro dell&#8217;Economia Mih\u00e1ly Varga dopo aver incontrato il vice primo ministro di Tukey, Veysi Kaynak, Il vice primo ministro Zsolt Semj\u00e9n ha ricevuto Kaynak in Parlamento per discutere dei legami bilaterali, ha detto il capo della stampa del primo ministro.<\/strong><\/p>\n<p><strong>Varga discute dei legami economici Turchia-Ungheria con Kaynak<\/strong><\/p>\n<p>I governi di entrambi i paesi sostengono lo sviluppo di legami economici e accordi per evitare la doppia tassazione e per incoraggiare e proteggere gli investimenti nei reciproci paesi servono anche a questo obiettivo, ha affermato Varga.<\/p>\n<p>La Turchia \u00e8 uno dei partner commerciali pi\u00f9 importanti dell&#8217;Ungheria nei Balcani, ha aggiunto.<\/p>\n<p>Il primo ministro Viktor Orb\u00e1n e il presidente turco Recep Tayyip Erdogan nel 2013 hanno fissato un obiettivo a medio termine per far s\u00ec che il commercio bilaterale raggiunga i 5 miliardi di fiorini annuali (16,1 milioni di euro), ha affermato Varga. Attualmente il commercio annuale ammonta a circa 3 miliardi di fiorini, quindi c\u2019\u00e8 spazio per miglioramenti, ha aggiunto.<\/p>\n<p>Le opportunit\u00e0 di cooperazione non sono pienamente utilizzate in diversi settori, tra cui l&#8217;agricoltura, in particolare il trasporto di bestiame, ha affermato Varga ha aggiunto che i progetti di elettricit\u00e0, la produzione di biomassa e il trasferimento del know-how ungherese nel campo dell&#8217;energia nucleare sono ulteriori aree di cooperazione, nonch\u00e9 il trattamento dell&#8217;acqua e delle acque reflue e la protezione dalle inondazioni.<\/p>\n<p>La stabilit\u00e0 dell&#8217;economia ungherese attrae capitali stranieri e quasi seicento aziende turche hanno avviato attivit\u00e0 in Ungheria, impiegando pi\u00f9 di mille persone, ha affermato Diverse aziende ungheresi hanno messo piede in Turchia, soprattutto nel settore IT, e anche nell&#8217;industria lattiero-casearia, nella stampa e nel trattamento delle acque reflue.<\/p>\n<p>Varga ha affermato che durante l&#8217;incontro si \u00e8 discusso anche della cooperazione turistica e ha osservato che l&#8217;espansione dei collegamenti aerei stimola il settore in entrambi i paesi.<\/p>\n<p><strong>Semj\u00e9n tiene colloqui con la controparte turca<\/strong><\/p>\n<p>I due funzionari hanno elogiato i legami ungherese-turchi, che secondo loro uniscono i due paesi sia economicamente che culturalmente.<\/p>\n<p>Kaynak ha ringraziato il governo ungherese per il sostegno al governo democraticamente eletto della Turchia.<\/p>\n<p style=\"text-align: center;\">&nbsp;<iframe loading=\"lazy\" style=\"border: none; overflow: hidden;\" src=\"https:\/\/www.facebook.com\/plugins\/post.php?href=https%3A%2F%2Fwww.facebook.com%2Fdailynewshungary%2Fposts%2F1088952301140340&amp;width=500\" width=\"500\" height=\"507\" frameborder=\"0\" scrolling=\"no\"><\/iframe><\/p>\n<p>I due funzionari hanno entrambi applaudito la prevista ricostruzione della tomba di G\u00fcl Baba a Budapest, risalente al XVI secolo.<\/p>\n<p><em>Foto: MTI<\/em><\/p>\n","protected":false},"excerpt":{"rendered":"<p>Budapest, 6 settembre (MTI) 6 L&#8217;economia turca ha registrato notevoli progressi negli ultimi anni ed \u00e8 quindi importante per l&#8217;Ungheria mantenere legami economici ben equilibrati con la Turchia, ha detto marted\u00ec il ministro dell&#8217;Economia Mih\u00e1ly Varga dopo aver incontrato il vice primo ministro di Tukey, Veysi Kaynak, Il vice primo ministro Zsolt Semj\u00e9n ha ricevuto [&hellip;]<\/p>\n","protected":false},"author":2,"featured_media":719964,"comment_status":"open","ping_status":"open","sticky":false,"template":"","format":"standard","meta":{"_display_image":"","footnotes":""},"categories":[1185],"tags":[1086],"class_list":["post-719963","post","type-post","status-publish","format-standard","has-post-thumbnail","hentry","category-politica-in-ungheria","tag-turchia"],"blocksy_meta":[],"author_username":"alk","telegram_post":"","public_post_metadata":{"breaking_news":"","important":"","csempe":"","center_tile":"","disable_thumbnail":"","target_lang":"","_featured_image_style":"","telegram_post":"","_xlat_group_id":""},"public_rank_math_data":{"title":"%titolo% %sep% %nomesito%","description":"","focus_keyword":"turchia ungheria","canonical_url":"","robots":"","primary_category":"1185","breadcrumb_title":"","facebook_title":"","facebook_description":"","facebook_image":"","facebook_image_id":"","twitter_title":"","twitter_description":"","twitter_image":"","twitter_image_id":"","twitter_card_type":"","twitter_use_facebook":"","advanced_robots":"","pillar_content":"","seo_score":"2","contentai_score":"","rich_snippet":""},"_links":{"self":[{"href":"https:\/\/dailynewshungary.com\/it\/wp-json\/wp\/v2\/posts\/719963","targetHints":{"allow":["GET"]}}],"collection":[{"href":"https:\/\/dailynewshungary.com\/it\/wp-json\/wp\/v2\/posts"}],"about":[{"href":"https:\/\/dailynewshungary.com\/it\/wp-json\/wp\/v2\/types\/post"}],"author":[{"embeddable":true,"href":"https:\/\/dailynewshungary.com\/it\/wp-json\/wp\/v2\/users\/2"}],"replies":[{"embeddable":true,"href":"https:\/\/dailynewshungary.com\/it\/wp-json\/wp\/v2\/comments?post=719963"}],"version-history":[{"count":0,"href":"https:\/\/dailynewshungary.com\/it\/wp-json\/wp\/v2\/posts\/719963\/revisions"}],"wp:featuredmedia":[{"embeddable":true,"href":"https:\/\/dailynewshungary.com\/it\/wp-json\/wp\/v2\/media\/719964"}],"wp:attachment":[{"href":"https:\/\/dailynewshungary.com\/it\/wp-json\/wp\/v2\/media?parent=719963"}],"wp:term":[{"taxonomy":"category","embeddable":true,"href":"https:\/\/dailynewshungary.com\/it\/wp-json\/wp\/v2\/categories?post=719963"},{"taxonomy":"post_tag","embeddable":true,"href":"https:\/\/dailynewshungary.com\/it\/wp-json\/wp\/v2\/tags?post=719963"}],"curies":[{"name":"wp","href":"https:\/\/api.w.org\/{rel}","templated":true}]}}