{"id":719967,"date":"2016-09-06T19:20:21","date_gmt":"2016-09-06T17:20:21","guid":{"rendered":"https:\/\/dailynewshungary.com\/it\/il-ministro-degli-esteri-ungherese-critica-zeid-per-il-discorso-contro-i-populisti-europei\/"},"modified":"2016-09-06T19:20:21","modified_gmt":"2016-09-06T17:20:21","slug":"il-ministro-degli-esteri-ungherese-critica-zeid-per-il-discorso-contro-i-populisti-europei","status":"publish","type":"post","link":"https:\/\/dailynewshungary.com\/it\/il-ministro-degli-esteri-ungherese-critica-zeid-per-il-discorso-contro-i-populisti-europei\/","title":{"rendered":"Il ministro degli Esteri ungherese critica Zeid per il discorso contro i \u201cpopulisti\u201d europei"},"content":{"rendered":"<p><strong>Budapest, 6 settembre (MTI) 6 L&#8217;alto commissario del Consiglio per i diritti umani dell&#8217;ONU non \u00e8 idoneo per il suo incarico o per qualsiasi altro incarico nelle Nazioni Unite, ha detto il ministro degli Esteri ungherese P\u00e9ter Szijj\u00e1rt\u00f3, commentando le recenti osservazioni di Zeid Raad Al Hussein sull&#8217;\u201cpopulism\u201d in Europa.<\/strong><\/p>\n<p>Luned\u00ec sera, intervenendo a un evento di gala della Fondazione per la Pace, la Giustizia e la Sicurezza all&#8217;Aia, Zeid ha condannato diversi politici europei definendoli \u201cpopulisti\u201d e \u201cdemagogues\u201d, affermando di essere arrabbiato per artisti del calibro del leader olandese del Partito per la Libert\u00e0 Geert Wilders, e il L&#8217;elenco dei politici che considerava affini includeva il primo ministro ungherese Viktor Orb\u00e1n. Zeid ha detto che questi politici, tra cui il candidato presidenziale repubblicano americano Donald Trump, Marine Le Pen, leader del Fronte nazionale francese, e il leader della campagna Brexit Nigel Farage erano responsabili della diffusione di \u201clie e mezze verit\u00e0, manipolazioni e spaccio di paure\u201d e condividevano un&#8217;ideologia con il Daesh, un altro nome del gruppo terroristico Stato islamico.<\/p>\n<p>Szijj\u00e1rt\u00f3 ha detto che mentre Zeid si \u00e8 detto arrabbiato per mezze verit\u00e0 e manipolazione, lui e le sue osservazioni erano esattamente di quel carattere\u201d. Ha detto che \u00e8 inaccettabile e scandaloso che un burocrate delle Nazioni Unite confronti un politico europeo democraticamente eletto con l&#8217;ideologia della revoca dello Stato islamico. Szijj\u00e1rt\u00f3 ha affermato che tali dichiarazioni rendono Zeid \u201ctotalmente inadatto a ricoprire qualsiasi posto nella sede delle Nazioni Unite e che le sue attivit\u00e0 e osservazioni simili minano la fiducia e il rispetto per il suo incarico di Alto Commissario.<\/p>\n","protected":false},"excerpt":{"rendered":"<p>Budapest, 6 settembre (MTI) 6 L&#8217;alto commissario del Consiglio per i diritti umani dell&#8217;ONU non \u00e8 idoneo per il suo incarico o per qualsiasi altro incarico nelle Nazioni Unite, ha detto il ministro degli Esteri ungherese P\u00e9ter Szijj\u00e1rt\u00f3, commentando le recenti osservazioni di Zeid Raad Al Hussein sull&#8217;\u201cpopulism\u201d in Europa. Luned\u00ec sera, intervenendo a un [&hellip;]<\/p>\n","protected":false},"author":2,"featured_media":719968,"comment_status":"open","ping_status":"open","sticky":false,"template":"","format":"standard","meta":{"_display_image":"","footnotes":""},"categories":[1185],"tags":[1092,1417,1083],"class_list":["post-719967","post","type-post","status-publish","format-standard","has-post-thumbnail","hentry","category-politica-in-ungheria","tag-ministero-degli-affari-esteri-dellungheria","tag-nazioni-unite","tag-viktor-orban"],"blocksy_meta":[],"author_username":"alk","telegram_post":"","public_post_metadata":{"breaking_news":"","important":"","csempe":"","center_tile":"","disable_thumbnail":"","target_lang":"","_featured_image_style":"","telegram_post":"","_xlat_group_id":""},"public_rank_math_data":{"title":"%titolo% %sep% %nomesito%","description":"","focus_keyword":"zeid nazioni unite","canonical_url":"","robots":"","primary_category":"1185","breadcrumb_title":"","facebook_title":"","facebook_description":"","facebook_image":"","facebook_image_id":"","twitter_title":"","twitter_description":"","twitter_image":"","twitter_image_id":"","twitter_card_type":"","twitter_use_facebook":"","advanced_robots":"","pillar_content":"","seo_score":"1","contentai_score":"","rich_snippet":""},"_links":{"self":[{"href":"https:\/\/dailynewshungary.com\/it\/wp-json\/wp\/v2\/posts\/719967","targetHints":{"allow":["GET"]}}],"collection":[{"href":"https:\/\/dailynewshungary.com\/it\/wp-json\/wp\/v2\/posts"}],"about":[{"href":"https:\/\/dailynewshungary.com\/it\/wp-json\/wp\/v2\/types\/post"}],"author":[{"embeddable":true,"href":"https:\/\/dailynewshungary.com\/it\/wp-json\/wp\/v2\/users\/2"}],"replies":[{"embeddable":true,"href":"https:\/\/dailynewshungary.com\/it\/wp-json\/wp\/v2\/comments?post=719967"}],"version-history":[{"count":0,"href":"https:\/\/dailynewshungary.com\/it\/wp-json\/wp\/v2\/posts\/719967\/revisions"}],"wp:featuredmedia":[{"embeddable":true,"href":"https:\/\/dailynewshungary.com\/it\/wp-json\/wp\/v2\/media\/719968"}],"wp:attachment":[{"href":"https:\/\/dailynewshungary.com\/it\/wp-json\/wp\/v2\/media?parent=719967"}],"wp:term":[{"taxonomy":"category","embeddable":true,"href":"https:\/\/dailynewshungary.com\/it\/wp-json\/wp\/v2\/categories?post=719967"},{"taxonomy":"post_tag","embeddable":true,"href":"https:\/\/dailynewshungary.com\/it\/wp-json\/wp\/v2\/tags?post=719967"}],"curies":[{"name":"wp","href":"https:\/\/api.w.org\/{rel}","templated":true}]}}