{"id":720126,"date":"2016-08-31T21:30:01","date_gmt":"2016-08-31T19:30:01","guid":{"rendered":"https:\/\/dailynewshungary.com\/it\/apertura-dellanno-scolastico-in-ungheria\/"},"modified":"2016-08-31T21:30:01","modified_gmt":"2016-08-31T19:30:01","slug":"apertura-dellanno-scolastico-in-ungheria","status":"publish","type":"post","link":"https:\/\/dailynewshungary.com\/it\/apertura-dellanno-scolastico-in-ungheria\/","title":{"rendered":"Apertura dell\u2019anno scolastico in Ungheria"},"content":{"rendered":"<p>&nbsp;<\/p>\n<p><strong>Budapest, 1 agosto (MTI) 3 Il capo del sindacato degli insegnanti della PSZ ha avvertito mercoled\u00ec che il nuovo anno scolastico \u201c non sar\u00e0 un&#8217;evasione regolare.<\/strong><\/p>\n<p>Piroska Gall\u00f3 ha dichiarato in una conferenza stampa che le comunicazioni del governo che suggeriscono che sono in atto tutte le giuste condizioni affinch\u00e9 le scuole possano iniziare l&#8217;anno con successo sono fuorvianti.<\/p>\n<p>Per quanto riguarda le riforme dell&#8217;istruzione, ha affermato che il governo ha dichiarato positivo durante l&#8217;estate l&#8217;esito della tavola rotonda sull&#8217;istruzione pubblica. Gi\u00e0 nel dicembre 2015, il sindacato PSZ e il comitato di sciopero hanno individuato per iscritto vari problemi e proposto soluzioni, ha affermato, aggiungendo, tuttavia, che queste proposte erano state ignorate nelle tavole rotonde.<\/p>\n<p>Gall\u00f3 lament\u00f2 che il governo non era riuscito a fornire il contesto giuridico adeguato per la riduzione degli oneri a carico degli studenti e che i cambiamenti erano superficiali.<\/p>\n<p>Inoltre, non \u00e8 stato fatto alcun progresso per quanto riguarda il numero di ore di insegnamento obbligatorie o il monopolio di cui gode il governo quando si tratta di pubblicare e distribuire libri di testo, ha affermato.<\/p>\n<p>Tra le altre obiezioni, il capo del sindacato ha anche criticato il governo per non aver mantenuto pienamente la promessa di abolire il direttore della scuola centrale.<\/p>\n<p>Istv\u00e1n Hiller, portavoce del Partito socialista all&#8217;opposizione, ha affermato che le misure del governo stanno trasformando gli standard dell&#8217;istruzione pubblica in un vortice di rottame. Ha detto in una conferenza stampa che l&#8217;unica ragione per cui le scuole sono state in grado di funzionare \u00e8 perch\u00e9 gli insegnanti stavano facendo grandi sacrifici.<\/p>\n<p>Ha sostenuto che l&#8217;istituzione di scuole superiori professionali speciali \u00e8 stato un errore poich\u00e9 riducevano le possibilit\u00e0 di uno studente di proseguire l&#8217;istruzione superiore.<\/p>\n<p>Il governo ha affermato che il nuovo sistema professionale aiuterebbe effettivamente le possibilit\u00e0 degli studenti professionali che vogliono proseguire gli studi superiori perch\u00e9 molti ora potranno sostenere esami di immatricolazione standard.<\/p>\n<p>Il partito di opposizione Egy\u00fctt ha affermato che i continui cambiamenti introdotti nel sistema educativo suggeriscono che il governo stia sperimentando la tratta con gli scolari.<\/p>\n<p>Zsuzsanna Szel\u00e9nyi, che siede in parlamento come indipendente, ha dichiarato in una conferenza stampa che l&#8217;introduzione di nuove misure ogni estate \u00e8 problematica poich\u00e9 ci\u00f2 mantiene gli insegnanti in condizioni di stress\u201d.<\/p>\n<p>\u00c8 inaccettabile che la formazione professionale sia una delle aree pi\u00f9 colpite dalla crisi nel sistema educativo ungherese, ha affermato. Invece di risolvere questo problema, il governo ha cambiato solo il nome di questi tipi di scuola, ha aggiunto.<\/p>\n<p>Il diritto di assumere insegnanti \u00e8 stato tolto ai direttori scolastici e la trasformazione dell&#8217;operatore scolastico Klik pu\u00f2 essere descritta solo come una \u201cjoke\u201d, ha aggiunto.<\/p>\n<p>Il partito Dialogo per l&#8217;Ungheria ha dichiarato che incanaler\u00e0 i fondi stanziati nel bilancio centrale per l&#8217;aggiornamento della centrale nucleare di Paks, la candidatura olimpica dell&#8217;Ungheria del 2024 e la campagna del governo per il referendum sulle quote UE del 2 ottobre verso l&#8217;istruzione Il partito chiede di aumentare i salari degli insegnanti, ripristinando il requisito minimo dell&#8217;et\u00e0 dell&#8217;obbligo scolastico a 18 anni invece che a 16, eliminando la segregazione e restituendo le scuole gestite dallo stato ai governi o alle comunit\u00e0 locali, ha detto il membro del consiglio G\u00e1bor Er\u0151s in una conferenza stampa.<\/p>\n<p>Rivolgendosi all&#8217;apertura dell&#8217;anno scolastico a Csurg\u00f3, nell&#8217;Ungheria sud-occidentale, il segretario di stato del ministero delle risorse umane ha osservato che il salario degli insegnanti sar\u00e0 aumentato il 1\u00b0 settembre per il quarto anno consecutivo, e ci sar\u00e0 un altro aumento di stipendio nel 2017 Le spese scolastiche che gravano sulle famiglie sono ulteriormente diminuite a causa delle decisioni del governo di concedere libri di testo gratuiti agli alunni di un altro grado e fornire pasti scolastici gratuiti a una cerchia pi\u00f9 ampia di bambini, ha detto Bence R\u00e9tv\u00e1ri.<\/p>\n<p><img loading=\"lazy\" decoding=\"async\" class=\"alignnone size-large wp-image-82343 aligncenter\" src=\"https:\/\/dailynewshungary.com\/wp-content\/uploads\/2016\/08\/D__YT20160830002-1024x670.jpg\" alt=\"Palkovics L\u00e1szl\u00f3\" width=\"1024\" height=\"670\" srcset=\"https:\/\/contentf5.dailynewshungary.com\/wp-content\/uploads\/2016\/08\/D__YT20160830002-1024x670.jpg 1024w, https:\/\/contentf5.dailynewshungary.com\/wp-content\/uploads\/2016\/08\/D__YT20160830002-300x196.jpg 300w, https:\/\/contentf5.dailynewshungary.com\/wp-content\/uploads\/2016\/08\/D__YT20160830002-768x502.jpg 768w, https:\/\/contentf5.dailynewshungary.com\/wp-content\/uploads\/2016\/08\/D__YT20160830002-220x144.jpg 220w, https:\/\/contentf5.dailynewshungary.com\/wp-content\/uploads\/2016\/08\/D__YT20160830002-610x399.jpg 610w, https:\/\/contentf5.dailynewshungary.com\/wp-content\/uploads\/2016\/08\/D__YT20160830002-1080x706.jpg 1080w\" sizes=\"auto, (max-width: 1024px) 100vw, 1024px\"><\/p>\n<p>Quest&#8217;anno i finanziamenti centrali per il sistema scolastico sono aumentati complessivamente di 107 miliardi di fiorini (345 milioni di euro), ha affermato.<\/p>\n<p><em>Foto: MTI<\/em><\/p>\n","protected":false},"excerpt":{"rendered":"<p>&nbsp; Budapest, 1 agosto (MTI) 3 Il capo del sindacato degli insegnanti della PSZ ha avvertito mercoled\u00ec che il nuovo anno scolastico \u201c non sar\u00e0 un&#8217;evasione regolare. Piroska Gall\u00f3 ha dichiarato in una conferenza stampa che le comunicazioni del governo che suggeriscono che sono in atto tutte le giuste condizioni affinch\u00e9 le scuole possano iniziare [&hellip;]<\/p>\n","protected":false},"author":2,"featured_media":720127,"comment_status":"open","ping_status":"open","sticky":false,"template":"","format":"standard","meta":{"_display_image":"","footnotes":""},"categories":[1207],"tags":[1835],"class_list":["post-720126","post","type-post","status-publish","format-standard","has-post-thumbnail","hentry","category-societa-in-ungheria","tag-educazione"],"blocksy_meta":[],"author_username":"alk","telegram_post":"","public_post_metadata":{"breaking_news":"","important":"","csempe":"","center_tile":"","disable_thumbnail":"","target_lang":"","_featured_image_style":"","telegram_post":"","_xlat_group_id":""},"public_rank_math_data":{"title":"%titolo% %sep% %nomesito%","description":"","focus_keyword":"istruzione ungheria","canonical_url":"","robots":"","primary_category":"1207","breadcrumb_title":"","facebook_title":"","facebook_description":"","facebook_image":"","facebook_image_id":"","twitter_title":"","twitter_description":"","twitter_image":"","twitter_image_id":"","twitter_card_type":"","twitter_use_facebook":"","advanced_robots":"","pillar_content":"","seo_score":"6","contentai_score":"","rich_snippet":""},"_links":{"self":[{"href":"https:\/\/dailynewshungary.com\/it\/wp-json\/wp\/v2\/posts\/720126","targetHints":{"allow":["GET"]}}],"collection":[{"href":"https:\/\/dailynewshungary.com\/it\/wp-json\/wp\/v2\/posts"}],"about":[{"href":"https:\/\/dailynewshungary.com\/it\/wp-json\/wp\/v2\/types\/post"}],"author":[{"embeddable":true,"href":"https:\/\/dailynewshungary.com\/it\/wp-json\/wp\/v2\/users\/2"}],"replies":[{"embeddable":true,"href":"https:\/\/dailynewshungary.com\/it\/wp-json\/wp\/v2\/comments?post=720126"}],"version-history":[{"count":0,"href":"https:\/\/dailynewshungary.com\/it\/wp-json\/wp\/v2\/posts\/720126\/revisions"}],"wp:featuredmedia":[{"embeddable":true,"href":"https:\/\/dailynewshungary.com\/it\/wp-json\/wp\/v2\/media\/720127"}],"wp:attachment":[{"href":"https:\/\/dailynewshungary.com\/it\/wp-json\/wp\/v2\/media?parent=720126"}],"wp:term":[{"taxonomy":"category","embeddable":true,"href":"https:\/\/dailynewshungary.com\/it\/wp-json\/wp\/v2\/categories?post=720126"},{"taxonomy":"post_tag","embeddable":true,"href":"https:\/\/dailynewshungary.com\/it\/wp-json\/wp\/v2\/tags?post=720126"}],"curies":[{"name":"wp","href":"https:\/\/api.w.org\/{rel}","templated":true}]}}