{"id":720199,"date":"2016-08-29T13:30:53","date_gmt":"2016-08-29T11:30:53","guid":{"rendered":"https:\/\/dailynewshungary.com\/it\/la-corte-ordina-la-rimozione-di-20-siti-web-collegati-alla-negazione-dellolocausto\/"},"modified":"2016-08-29T13:30:53","modified_gmt":"2016-08-29T11:30:53","slug":"la-corte-ordina-la-rimozione-di-20-siti-web-collegati-alla-negazione-dellolocausto","status":"publish","type":"post","link":"https:\/\/dailynewshungary.com\/it\/la-corte-ordina-la-rimozione-di-20-siti-web-collegati-alla-negazione-dellolocausto\/","title":{"rendered":"La Corte ordina la rimozione di 20 siti web collegati alla negazione dell\u2019Olocausto"},"content":{"rendered":"<p><strong>Budapest, 9 agosto (MTI) 2 Un tribunale di Budapest ha ordinato il blocco temporaneo di circa 20 siti web che contengono contenuti che negano l&#8217;Olocausto, ha detto luned\u00ec il procuratore capo di Budapest.<\/strong><\/p>\n<p>I siti web vendono l&#8217;edizione ungherese del libro di un autore svedese che nega apertamente i genocidi commessi dal regime nazista, ha detto Tibor Ibolya in una nota I siti rendono anche alcuni di quei contenuti disponibili per essere letti online.<\/p>\n<p>Secondo una legge ungherese del 2010, la negazione dell\u2019Olocausto in pubblico \u00e8 un crimine punibile con la reclusione fino a tre anni.<\/p>\n<p>Le autorit\u00e0 hanno iniziato a indagare sull&#8217;editore del libro in Ungheria, ma hanno sospeso la procedura perch\u00e9 il capo dell&#8217;azienda \u00e8 attualmente all&#8217;estero.<\/p>\n<p><em>Foto: splitshire.com<\/em><\/p>\n","protected":false},"excerpt":{"rendered":"<p>Budapest, 9 agosto (MTI) 2 Un tribunale di Budapest ha ordinato il blocco temporaneo di circa 20 siti web che contengono contenuti che negano l&#8217;Olocausto, ha detto luned\u00ec il procuratore capo di Budapest. I siti web vendono l&#8217;edizione ungherese del libro di un autore svedese che nega apertamente i genocidi commessi dal regime nazista, ha [&hellip;]<\/p>\n","protected":false},"author":2,"featured_media":720200,"comment_status":"open","ping_status":"open","sticky":false,"template":"","format":"standard","meta":{"_display_image":"","footnotes":""},"categories":[1304],"tags":[1440,1223],"class_list":["post-720199","post","type-post","status-publish","format-standard","has-post-thumbnail","hentry","category-cultura-in-ungheria","tag-it","tag-storia"],"blocksy_meta":[],"author_username":"alk","telegram_post":"","public_post_metadata":{"breaking_news":"","important":"","csempe":"","center_tile":"","disable_thumbnail":"","target_lang":"","_featured_image_style":"","telegram_post":"","_xlat_group_id":""},"public_rank_math_data":{"title":"%titolo% %sep% %nomesito%","description":"","focus_keyword":"Negazione dell'Olocausto","canonical_url":"","robots":"","primary_category":"1304","breadcrumb_title":"","facebook_title":"","facebook_description":"","facebook_image":"","facebook_image_id":"","twitter_title":"","twitter_description":"","twitter_image":"","twitter_image_id":"","twitter_card_type":"","twitter_use_facebook":"","advanced_robots":"","pillar_content":"","seo_score":"58","contentai_score":"","rich_snippet":""},"_links":{"self":[{"href":"https:\/\/dailynewshungary.com\/it\/wp-json\/wp\/v2\/posts\/720199","targetHints":{"allow":["GET"]}}],"collection":[{"href":"https:\/\/dailynewshungary.com\/it\/wp-json\/wp\/v2\/posts"}],"about":[{"href":"https:\/\/dailynewshungary.com\/it\/wp-json\/wp\/v2\/types\/post"}],"author":[{"embeddable":true,"href":"https:\/\/dailynewshungary.com\/it\/wp-json\/wp\/v2\/users\/2"}],"replies":[{"embeddable":true,"href":"https:\/\/dailynewshungary.com\/it\/wp-json\/wp\/v2\/comments?post=720199"}],"version-history":[{"count":0,"href":"https:\/\/dailynewshungary.com\/it\/wp-json\/wp\/v2\/posts\/720199\/revisions"}],"wp:featuredmedia":[{"embeddable":true,"href":"https:\/\/dailynewshungary.com\/it\/wp-json\/wp\/v2\/media\/720200"}],"wp:attachment":[{"href":"https:\/\/dailynewshungary.com\/it\/wp-json\/wp\/v2\/media?parent=720199"}],"wp:term":[{"taxonomy":"category","embeddable":true,"href":"https:\/\/dailynewshungary.com\/it\/wp-json\/wp\/v2\/categories?post=720199"},{"taxonomy":"post_tag","embeddable":true,"href":"https:\/\/dailynewshungary.com\/it\/wp-json\/wp\/v2\/tags?post=720199"}],"curies":[{"name":"wp","href":"https:\/\/api.w.org\/{rel}","templated":true}]}}