{"id":720331,"date":"2016-08-24T12:20:07","date_gmt":"2016-08-24T10:20:07","guid":{"rendered":"https:\/\/dailynewshungary.com\/it\/primo-ministro-turco-lungheria-da-lesempio-in-solidarieta-alla-turchia\/"},"modified":"2016-08-24T12:20:07","modified_gmt":"2016-08-24T10:20:07","slug":"primo-ministro-turco-lungheria-da-lesempio-in-solidarieta-alla-turchia","status":"publish","type":"post","link":"https:\/\/dailynewshungary.com\/it\/primo-ministro-turco-lungheria-da-lesempio-in-solidarieta-alla-turchia\/","title":{"rendered":"Primo Ministro turco: l\u2019Ungheria d\u00e0 l\u2019esempio in solidariet\u00e0 alla Turchia"},"content":{"rendered":"<p><strong>Budapest, 4 agosto (MTI) 2 Ungheria La reazione del 15 luglio al tentato colpo di stato in Turchia dovrebbe essere un esempio per tutti i paesi dell&#8217;Unione europea, ha detto il primo ministro turco Binali Yildirim, secondo l&#8217;agenzia di stampa statale turca Anadolu.<\/strong><\/p>\n<p>Il ministro degli Esteri ungherese P\u00e9ter Szijj\u00e1rt\u00f3 ha espresso una forte solidariet\u00e0 verso la Turchia durante la sua visita in corso ad Ankara, che \u00e8 molto apprezzata, ha detto Yildirim marted\u00ec scorso, ha detto che la \u201cclean-up\u201d all&#8217;indomani del tentativo di colpo di stato sarebbe stata effettuata secondo uno stato di diritto democratico Le autorit\u00e0 ungheresi sono disposte a collaborare, ha detto.<\/p>\n<p>La Turchia ritiene Fetullah Gulen e la sua rete responsabili del tentativo di colpo di stato e ha dichiarato la sua organizzazione un gruppo terroristico. Szijjarto ha affermato che l&#8217;Ungheria \u00e8 al fianco della Turchia nella lotta al terrorismo, ha riferito Anadolu.<\/p>\n<p>Szijj\u00e1rt\u00f3 ha anche incontrato il presidente del parlamento turco Ismail Kahraman, il quale ha affermato che la Turchia considera gli ungheresi amici, parenti e alleati. Kahraman ha ringraziato l&#8217;Ungheria per la sua \u201csensibilit\u00e0 al tentativo di colpo di stato\u201d, secondo il rapporto.<\/p>\n<p>Szijj\u00e1rt\u00f3 ha affermato che il governo ungherese ha affermato fin dall&#8217;inizio chiaramente che gli eventi in Turchia sono un atto terroristico.<\/p>\n<p style=\"text-align: center;\">&nbsp;<iframe loading=\"lazy\" style=\"border: none; overflow: hidden;\" src=\"https:\/\/www.facebook.com\/plugins\/post.php?href=https%3A%2F%2Fwww.facebook.com%2Fdailynewshungary%2Fposts%2F1077986488903588&amp;width=500\" width=\"500\" height=\"525\" frameborder=\"0\" scrolling=\"no\"><\/iframe><\/p>\n<p>Pi\u00f9 tardi nel corso della giornata Szijj\u00e1rt\u00f3 ha incontrato il ministro degli Esteri turco Mevlut Cavusoglu e i due hanno tenuto una conferenza stampa congiunta. Anche Cavusoglu ha affermato che l&#8217;Ungheria \u00e8 un&#8217;autentica friend\u201d, esprimendo immediatamente sostegno incondizionato al governo turco, mentre molti altri paesi e politici hanno aspettato l&#8217;esito dell&#8217;incidente. Le relazioni politiche tra i loro paesi sono fiorenti, ha detto Cavusoglu.<\/p>\n<p><em>Foto: MTI<\/em><\/p>\n","protected":false},"excerpt":{"rendered":"<p>Budapest, 4 agosto (MTI) 2 Ungheria La reazione del 15 luglio al tentato colpo di stato in Turchia dovrebbe essere un esempio per tutti i paesi dell&#8217;Unione europea, ha detto il primo ministro turco Binali Yildirim, secondo l&#8217;agenzia di stampa statale turca Anadolu. Il ministro degli Esteri ungherese P\u00e9ter Szijj\u00e1rt\u00f3 ha espresso una forte solidariet\u00e0 [&hellip;]<\/p>\n","protected":false},"author":2,"featured_media":720332,"comment_status":"open","ping_status":"open","sticky":false,"template":"","format":"standard","meta":{"_display_image":"","footnotes":""},"categories":[1185],"tags":[1092,1086,1075],"class_list":["post-720331","post","type-post","status-publish","format-standard","has-post-thumbnail","hentry","category-politica-in-ungheria","tag-ministero-degli-affari-esteri-dellungheria","tag-turchia","tag-unione-europea"],"blocksy_meta":[],"author_username":"alk","telegram_post":"","public_post_metadata":{"breaking_news":"","important":"","csempe":"","center_tile":"","disable_thumbnail":"","target_lang":"","_featured_image_style":"","telegram_post":"","_xlat_group_id":""},"public_rank_math_data":{"title":"%titolo% %sep% %nomesito%","description":"","focus_keyword":"turchia ungheria","canonical_url":"","robots":"","primary_category":"1185","breadcrumb_title":"","facebook_title":"","facebook_description":"","facebook_image":"","facebook_image_id":"","twitter_title":"","twitter_description":"","twitter_image":"","twitter_image_id":"","twitter_card_type":"","twitter_use_facebook":"","advanced_robots":"","pillar_content":"","seo_score":"3","contentai_score":"","rich_snippet":""},"_links":{"self":[{"href":"https:\/\/dailynewshungary.com\/it\/wp-json\/wp\/v2\/posts\/720331","targetHints":{"allow":["GET"]}}],"collection":[{"href":"https:\/\/dailynewshungary.com\/it\/wp-json\/wp\/v2\/posts"}],"about":[{"href":"https:\/\/dailynewshungary.com\/it\/wp-json\/wp\/v2\/types\/post"}],"author":[{"embeddable":true,"href":"https:\/\/dailynewshungary.com\/it\/wp-json\/wp\/v2\/users\/2"}],"replies":[{"embeddable":true,"href":"https:\/\/dailynewshungary.com\/it\/wp-json\/wp\/v2\/comments?post=720331"}],"version-history":[{"count":0,"href":"https:\/\/dailynewshungary.com\/it\/wp-json\/wp\/v2\/posts\/720331\/revisions"}],"wp:featuredmedia":[{"embeddable":true,"href":"https:\/\/dailynewshungary.com\/it\/wp-json\/wp\/v2\/media\/720332"}],"wp:attachment":[{"href":"https:\/\/dailynewshungary.com\/it\/wp-json\/wp\/v2\/media?parent=720331"}],"wp:term":[{"taxonomy":"category","embeddable":true,"href":"https:\/\/dailynewshungary.com\/it\/wp-json\/wp\/v2\/categories?post=720331"},{"taxonomy":"post_tag","embeddable":true,"href":"https:\/\/dailynewshungary.com\/it\/wp-json\/wp\/v2\/tags?post=720331"}],"curies":[{"name":"wp","href":"https:\/\/api.w.org\/{rel}","templated":true}]}}