{"id":720431,"date":"2016-08-20T15:00:05","date_gmt":"2016-08-20T13:00:05","guid":{"rendered":"https:\/\/dailynewshungary.com\/it\/orban-incontra-i-funzionari-della-fina-a-rio\/"},"modified":"2016-08-20T15:00:05","modified_gmt":"2016-08-20T13:00:05","slug":"orban-incontra-i-funzionari-della-fina-a-rio","status":"publish","type":"post","link":"https:\/\/dailynewshungary.com\/it\/orban-incontra-i-funzionari-della-fina-a-rio\/","title":{"rendered":"Orb\u00e1n incontra i funzionari della FINA a Rio"},"content":{"rendered":"<p>&nbsp;<\/p>\n<p><strong>Rio de Janeiro, 19 agosto (MTI) Il primo ministro Viktor Orb\u00e1n ha incontrato venerd\u00ec alti funzionari della FINA a Rio de Janeiro per i colloqui sui preparativi dell&#8217;Ungheria per ospitare i Campionati mondiali di nuoto 2017 e sulla candidatura del paese per ospitare i Giochi olimpici estivi del 2024, La federazione ungherese di nuoto ha dichiarato venerd\u00ec in una nota.<\/strong><\/p>\n<p>Orb\u00e1n ha avuto colloqui con il presidente della FINA Julio C Maglione, il segretario onorario della FINA Paolo Barelli e il direttore esecutivo Cornel Marculescu.<\/p>\n<p>Il vicepresidente della FINA e capo dell&#8217;Associazione ungherese di nuoto Tam\u00e1s Gy\u00e1rf\u00e1s, anch&#8217;egli presente all&#8217;incontro, ha detto a MTI che i leader della FINA hanno ribadito che il Centro acquatico di Dag\u00e1ly, la cui costruzione \u00e8 molto in anticipo rispetto al previsto, sar\u00e0 un luogo eccellente per i campionati acquatici.<\/p>\n<p><em>Foto: MTI<\/em><\/p>\n","protected":false},"excerpt":{"rendered":"<p>&nbsp; Rio de Janeiro, 19 agosto (MTI) Il primo ministro Viktor Orb\u00e1n ha incontrato venerd\u00ec alti funzionari della FINA a Rio de Janeiro per i colloqui sui preparativi dell&#8217;Ungheria per ospitare i Campionati mondiali di nuoto 2017 e sulla candidatura del paese per ospitare i Giochi olimpici estivi del 2024, La federazione ungherese di nuoto [&hellip;]<\/p>\n","protected":false},"author":2,"featured_media":720432,"comment_status":"open","ping_status":"open","sticky":false,"template":"","format":"standard","meta":{"_display_image":"","footnotes":""},"categories":[1268],"tags":[1158,1592,1083],"class_list":["post-720431","post","type-post","status-publish","format-standard","has-post-thumbnail","hentry","category-sport","tag-budapest","tag-nuoto","tag-viktor-orban"],"blocksy_meta":[],"author_username":"alk","telegram_post":"","public_post_metadata":{"breaking_news":"","important":"","csempe":"","center_tile":"","disable_thumbnail":"","target_lang":"","_featured_image_style":"","telegram_post":"","_xlat_group_id":""},"public_rank_math_data":{"title":"%titolo% %sep% %nomesito%","description":"","focus_keyword":"","canonical_url":"","robots":"","primary_category":"1268","breadcrumb_title":"","facebook_title":"","facebook_description":"","facebook_image":"","facebook_image_id":"","twitter_title":"","twitter_description":"","twitter_image":"","twitter_image_id":"","twitter_card_type":"","twitter_use_facebook":"","advanced_robots":"","pillar_content":"","seo_score":"","contentai_score":"","rich_snippet":""},"_links":{"self":[{"href":"https:\/\/dailynewshungary.com\/it\/wp-json\/wp\/v2\/posts\/720431","targetHints":{"allow":["GET"]}}],"collection":[{"href":"https:\/\/dailynewshungary.com\/it\/wp-json\/wp\/v2\/posts"}],"about":[{"href":"https:\/\/dailynewshungary.com\/it\/wp-json\/wp\/v2\/types\/post"}],"author":[{"embeddable":true,"href":"https:\/\/dailynewshungary.com\/it\/wp-json\/wp\/v2\/users\/2"}],"replies":[{"embeddable":true,"href":"https:\/\/dailynewshungary.com\/it\/wp-json\/wp\/v2\/comments?post=720431"}],"version-history":[{"count":0,"href":"https:\/\/dailynewshungary.com\/it\/wp-json\/wp\/v2\/posts\/720431\/revisions"}],"wp:featuredmedia":[{"embeddable":true,"href":"https:\/\/dailynewshungary.com\/it\/wp-json\/wp\/v2\/media\/720432"}],"wp:attachment":[{"href":"https:\/\/dailynewshungary.com\/it\/wp-json\/wp\/v2\/media?parent=720431"}],"wp:term":[{"taxonomy":"category","embeddable":true,"href":"https:\/\/dailynewshungary.com\/it\/wp-json\/wp\/v2\/categories?post=720431"},{"taxonomy":"post_tag","embeddable":true,"href":"https:\/\/dailynewshungary.com\/it\/wp-json\/wp\/v2\/tags?post=720431"}],"curies":[{"name":"wp","href":"https:\/\/api.w.org\/{rel}","templated":true}]}}