{"id":720451,"date":"2016-08-19T17:00:43","date_gmt":"2016-08-19T15:00:43","guid":{"rendered":"https:\/\/dailynewshungary.com\/it\/ministro-degli-esteri-a-visitare-la-turchia-per-preparare-il-viaggio-di-orban\/"},"modified":"2016-08-19T17:00:43","modified_gmt":"2016-08-19T15:00:43","slug":"ministro-degli-esteri-a-visitare-la-turchia-per-preparare-il-viaggio-di-orban","status":"publish","type":"post","link":"https:\/\/dailynewshungary.com\/it\/ministro-degli-esteri-a-visitare-la-turchia-per-preparare-il-viaggio-di-orban\/","title":{"rendered":"Ministro degli Esteri a visitare la Turchia per preparare il viaggio di Orb\u00e1n"},"content":{"rendered":"<p><strong>Budapest, 19 agosto (MTI) 1 Il ministro degli Esteri P\u00e9ter Sjj\u00e1rt\u00f3 far\u00e0 una visita ad Ankara marted\u00ec prossimo in preparazione di un viaggio programmato in Turchia dal primo ministro Viktor Orb\u00e1n, ha riferito il portale di notizie Origo e il ministero degli Esteri ha confermato l&#8217;informazione.<\/strong><\/p>\n<p>Szijj\u00e1rt\u00f3 sar\u00e0 il primo politico europeo di alto rango a visitare la Turchia dal fallito colpo di stato di luglio, ha detto Origo. Da Ankara, Szijj\u00e1rt\u00f3 si recher\u00e0 in Egitto e incontrer\u00e0 il suo primo ministro e ministro degli Esteri, ha aggiunto il portale.<\/p>\n<p>Oltre a preparare la visita di Orb\u00e1n, Szijj\u00e1rt\u00f3 incontrer\u00e0 la controparte Mevlut Cavusoglu per discutere della cooperazione bilaterale e di un accordo tra Turchia e Unione Europea.<\/p>\n","protected":false},"excerpt":{"rendered":"<p>Budapest, 19 agosto (MTI) 1 Il ministro degli Esteri P\u00e9ter Sjj\u00e1rt\u00f3 far\u00e0 una visita ad Ankara marted\u00ec prossimo in preparazione di un viaggio programmato in Turchia dal primo ministro Viktor Orb\u00e1n, ha riferito il portale di notizie Origo e il ministero degli Esteri ha confermato l&#8217;informazione. Szijj\u00e1rt\u00f3 sar\u00e0 il primo politico europeo di alto rango [&hellip;]<\/p>\n","protected":false},"author":2,"featured_media":720452,"comment_status":"open","ping_status":"open","sticky":false,"template":"","format":"standard","meta":{"_display_image":"","footnotes":""},"categories":[1185],"tags":[1092,1086,1083],"class_list":["post-720451","post","type-post","status-publish","format-standard","has-post-thumbnail","hentry","category-politica-in-ungheria","tag-ministero-degli-affari-esteri-dellungheria","tag-turchia","tag-viktor-orban"],"blocksy_meta":[],"author_username":"alk","telegram_post":"","public_post_metadata":{"breaking_news":"","important":"","csempe":"","center_tile":"","disable_thumbnail":"","target_lang":"","_featured_image_style":"","telegram_post":"","_xlat_group_id":""},"public_rank_math_data":{"title":"%titolo% %sep% %nomesito%","description":"","focus_keyword":"turchia ungheria","canonical_url":"","robots":"","primary_category":"1185","breadcrumb_title":"","facebook_title":"","facebook_description":"","facebook_image":"","facebook_image_id":"","twitter_title":"","twitter_description":"","twitter_image":"","twitter_image_id":"","twitter_card_type":"","twitter_use_facebook":"","advanced_robots":"","pillar_content":"","seo_score":"4","contentai_score":"","rich_snippet":""},"_links":{"self":[{"href":"https:\/\/dailynewshungary.com\/it\/wp-json\/wp\/v2\/posts\/720451","targetHints":{"allow":["GET"]}}],"collection":[{"href":"https:\/\/dailynewshungary.com\/it\/wp-json\/wp\/v2\/posts"}],"about":[{"href":"https:\/\/dailynewshungary.com\/it\/wp-json\/wp\/v2\/types\/post"}],"author":[{"embeddable":true,"href":"https:\/\/dailynewshungary.com\/it\/wp-json\/wp\/v2\/users\/2"}],"replies":[{"embeddable":true,"href":"https:\/\/dailynewshungary.com\/it\/wp-json\/wp\/v2\/comments?post=720451"}],"version-history":[{"count":0,"href":"https:\/\/dailynewshungary.com\/it\/wp-json\/wp\/v2\/posts\/720451\/revisions"}],"wp:featuredmedia":[{"embeddable":true,"href":"https:\/\/dailynewshungary.com\/it\/wp-json\/wp\/v2\/media\/720452"}],"wp:attachment":[{"href":"https:\/\/dailynewshungary.com\/it\/wp-json\/wp\/v2\/media?parent=720451"}],"wp:term":[{"taxonomy":"category","embeddable":true,"href":"https:\/\/dailynewshungary.com\/it\/wp-json\/wp\/v2\/categories?post=720451"},{"taxonomy":"post_tag","embeddable":true,"href":"https:\/\/dailynewshungary.com\/it\/wp-json\/wp\/v2\/tags?post=720451"}],"curies":[{"name":"wp","href":"https:\/\/api.w.org\/{rel}","templated":true}]}}