{"id":720519,"date":"2016-08-17T11:05:30","date_gmt":"2016-08-17T09:05:30","guid":{"rendered":"https:\/\/dailynewshungary.com\/it\/listituto-culturale-balassi-ungherese-si-e-fuso-con-il-ministero-degli-esteri\/"},"modified":"2016-08-17T11:05:30","modified_gmt":"2016-08-17T09:05:30","slug":"listituto-culturale-balassi-ungherese-si-e-fuso-con-il-ministero-degli-esteri","status":"publish","type":"post","link":"https:\/\/dailynewshungary.com\/it\/listituto-culturale-balassi-ungherese-si-e-fuso-con-il-ministero-degli-esteri\/","title":{"rendered":"L\u2019Istituto culturale Balassi ungherese si \u00e8 fuso con il ministero degli Esteri"},"content":{"rendered":"<p><strong>Budapest, 6 agosto (MTI) 1 L&#8217;Istituto culturale Balassi dell&#8217;Ungheria sar\u00e0 sciolto a partire dal 31 agosto e confluito nel ministero degli Esteri come suo successore legale, ha riferito marted\u00ec la gazzetta ufficiale Magyar K\u00f6zl\u00f6ny.<\/strong><\/p>\n<p>In linea con una decisione del governo sulla diplomazia culturale e scientifica, i ministri incaricati degli affari esteri e della cultura gestiranno un organo consultivo composto da 11 membri per decidere gli indirizzi strategici della diplomazia culturale e migliorarne l&#8217;efficienza, L&#8217;organismo far\u00e0 proposte sui compiti a lungo termine e sui mezzi per promuovere la cultura ungherese all&#8217;estero, secondo Magyar K\u00f6zl\u00f6ny.<\/p>\n<p>In un incontro del 6 luglio con i capi degli istituti ungheresi all&#8217;estero, il ministro degli Esteri P\u00e9ter Szijj\u00e1rt\u00f3 ha detto che l&#8217;Istituto Balassi continuer\u00e0 a funzionare sotto gli auspici del ministero degli Esteri con lo stesso personale attuale.<\/p>\n<p>In linea con la decisione del governo pubblicata marted\u00ec, il governo lancer\u00e0 un programma di borse di studio Balassi B\u00e1lint per sostenere la formazione e la ricerca in unghereselogia, lingua ungherese e studi culturali e per incoraggiare gli sviluppi nel campo.<\/p>\n<p>L&#8217;Istituto Balassi, istituito per supervisionare il funzionamento degli istituti culturali ungheresi in tutto il mondo, ha organizzato diversi corsi di lingua ed \u00e8 stato responsabile dell&#8217;erogazione di borse di studio. L&#8217;istituto \u00e8 stato presente in 24 citt\u00e0 come New York, Nuova Delhi, Il Cairo, Helsinki, Londra e Varsavia.<\/p>\n","protected":false},"excerpt":{"rendered":"<p>Budapest, 6 agosto (MTI) 1 L&#8217;Istituto culturale Balassi dell&#8217;Ungheria sar\u00e0 sciolto a partire dal 31 agosto e confluito nel ministero degli Esteri come suo successore legale, ha riferito marted\u00ec la gazzetta ufficiale Magyar K\u00f6zl\u00f6ny. In linea con una decisione del governo sulla diplomazia culturale e scientifica, i ministri incaricati degli affari esteri e della cultura [&hellip;]<\/p>\n","protected":false},"author":2,"featured_media":720520,"comment_status":"open","ping_status":"open","sticky":false,"template":"","format":"standard","meta":{"_display_image":"","footnotes":""},"categories":[1304],"tags":[1092],"class_list":["post-720519","post","type-post","status-publish","format-standard","has-post-thumbnail","hentry","category-cultura-in-ungheria","tag-ministero-degli-affari-esteri-dellungheria"],"blocksy_meta":[],"author_username":"alk","telegram_post":"","public_post_metadata":{"breaking_news":"","important":"","csempe":"","center_tile":"","disable_thumbnail":"","target_lang":"","_featured_image_style":"","telegram_post":"","_xlat_group_id":""},"public_rank_math_data":{"title":"%titolo% %sep% %nomesito%","description":"","focus_keyword":"","canonical_url":"","robots":"","primary_category":"1304","breadcrumb_title":"","facebook_title":"","facebook_description":"","facebook_image":"","facebook_image_id":"","twitter_title":"","twitter_description":"","twitter_image":"","twitter_image_id":"","twitter_card_type":"","twitter_use_facebook":"","advanced_robots":"","pillar_content":"","seo_score":"","contentai_score":"","rich_snippet":""},"_links":{"self":[{"href":"https:\/\/dailynewshungary.com\/it\/wp-json\/wp\/v2\/posts\/720519","targetHints":{"allow":["GET"]}}],"collection":[{"href":"https:\/\/dailynewshungary.com\/it\/wp-json\/wp\/v2\/posts"}],"about":[{"href":"https:\/\/dailynewshungary.com\/it\/wp-json\/wp\/v2\/types\/post"}],"author":[{"embeddable":true,"href":"https:\/\/dailynewshungary.com\/it\/wp-json\/wp\/v2\/users\/2"}],"replies":[{"embeddable":true,"href":"https:\/\/dailynewshungary.com\/it\/wp-json\/wp\/v2\/comments?post=720519"}],"version-history":[{"count":0,"href":"https:\/\/dailynewshungary.com\/it\/wp-json\/wp\/v2\/posts\/720519\/revisions"}],"wp:featuredmedia":[{"embeddable":true,"href":"https:\/\/dailynewshungary.com\/it\/wp-json\/wp\/v2\/media\/720520"}],"wp:attachment":[{"href":"https:\/\/dailynewshungary.com\/it\/wp-json\/wp\/v2\/media?parent=720519"}],"wp:term":[{"taxonomy":"category","embeddable":true,"href":"https:\/\/dailynewshungary.com\/it\/wp-json\/wp\/v2\/categories?post=720519"},{"taxonomy":"post_tag","embeddable":true,"href":"https:\/\/dailynewshungary.com\/it\/wp-json\/wp\/v2\/tags?post=720519"}],"curies":[{"name":"wp","href":"https:\/\/api.w.org\/{rel}","templated":true}]}}