{"id":720719,"date":"2016-08-09T18:30:59","date_gmt":"2016-08-09T16:30:59","guid":{"rendered":"https:\/\/dailynewshungary.com\/it\/lmp-invita-il-governo-a-migliorare-la-competitivita-delle-pmi\/"},"modified":"2016-08-09T18:30:59","modified_gmt":"2016-08-09T16:30:59","slug":"lmp-invita-il-governo-a-migliorare-la-competitivita-delle-pmi","status":"publish","type":"post","link":"https:\/\/dailynewshungary.com\/it\/lmp-invita-il-governo-a-migliorare-la-competitivita-delle-pmi\/","title":{"rendered":"LMP invita il governo a migliorare la competitivit\u00e0 delle PMI"},"content":{"rendered":"<p><strong>Budapest, 9 agosto (MTI) Opposizione verde LMP ha chiesto al governo di adottare misure per aumentare la competitivit\u00e0 delle piccole e medie imprese ungheresi.<\/strong><\/p>\n<p>Erzs\u00e9bet Schmuck, vice capogruppo del partito, ha dichiarato marted\u00ec che il governo dovrebbe rendere le PMI pi\u00f9 competitive mettendo loro a disposizione maggiori finanziamenti dell&#8217;Unione europea, raccogliendo&nbsp;<span style=\"line-height: 1.5;\">salari, modifica del codice fiscale e sviluppo della formazione professionale.<\/span><\/p>\n<p>Ha accusato la negligenza della politica economica del governo, che secondo lei mantiene i salari artificialmente bassi, per la crescente carenza di manodopera e la situazione generale difficile che le PMI devono affrontare. La politica economica del governo spinge i lavoratori qualificati verso aziende multinazionali o all&#8217;estero, ha affermato.<\/p>\n<p>Schmuck ha affermato che sono soprattutto le multinazionali a beneficiare di agevolazioni fiscali e sostegno governativo, mentre due terzi dei fondi UE vanno agli attori del settore pubblico.<\/p>\n<p>Ha invitato il governo a mettere a disposizione delle PMI i finanziamenti dell&#8217;UE nella stessa misura in cui sono a disposizione delle multinazionali, aggiungendo che i fondi dovrebbero essere assegnati sulla base di qualifiche anzich\u00e9 di collegamenti politici.<\/p>\n","protected":false},"excerpt":{"rendered":"<p>Budapest, 9 agosto (MTI) Opposizione verde LMP ha chiesto al governo di adottare misure per aumentare la competitivit\u00e0 delle piccole e medie imprese ungheresi. Erzs\u00e9bet Schmuck, vice capogruppo del partito, ha dichiarato marted\u00ec che il governo dovrebbe rendere le PMI pi\u00f9 competitive mettendo loro a disposizione maggiori finanziamenti dell&#8217;Unione europea, raccogliendo&nbsp;salari, modifica del codice fiscale [&hellip;]<\/p>\n","protected":false},"author":2,"featured_media":720720,"comment_status":"open","ping_status":"open","sticky":false,"template":"","format":"standard","meta":{"_display_image":"","footnotes":""},"categories":[1185],"tags":[1632,1075],"class_list":["post-720719","post","type-post","status-publish","format-standard","has-post-thumbnail","hentry","category-politica-in-ungheria","tag-lmp","tag-unione-europea"],"blocksy_meta":[],"author_username":"alk","telegram_post":"","public_post_metadata":{"breaking_news":"","important":"","csempe":"","center_tile":"","disable_thumbnail":"","target_lang":"","_featured_image_style":"","telegram_post":"","_xlat_group_id":""},"public_rank_math_data":{"title":"%titolo% %sep% %nomesito%","description":"","focus_keyword":"","canonical_url":"","robots":"","primary_category":"1185","breadcrumb_title":"","facebook_title":"","facebook_description":"","facebook_image":"","facebook_image_id":"","twitter_title":"","twitter_description":"","twitter_image":"","twitter_image_id":"","twitter_card_type":"","twitter_use_facebook":"","advanced_robots":"","pillar_content":"","seo_score":"","contentai_score":"","rich_snippet":""},"_links":{"self":[{"href":"https:\/\/dailynewshungary.com\/it\/wp-json\/wp\/v2\/posts\/720719","targetHints":{"allow":["GET"]}}],"collection":[{"href":"https:\/\/dailynewshungary.com\/it\/wp-json\/wp\/v2\/posts"}],"about":[{"href":"https:\/\/dailynewshungary.com\/it\/wp-json\/wp\/v2\/types\/post"}],"author":[{"embeddable":true,"href":"https:\/\/dailynewshungary.com\/it\/wp-json\/wp\/v2\/users\/2"}],"replies":[{"embeddable":true,"href":"https:\/\/dailynewshungary.com\/it\/wp-json\/wp\/v2\/comments?post=720719"}],"version-history":[{"count":0,"href":"https:\/\/dailynewshungary.com\/it\/wp-json\/wp\/v2\/posts\/720719\/revisions"}],"wp:featuredmedia":[{"embeddable":true,"href":"https:\/\/dailynewshungary.com\/it\/wp-json\/wp\/v2\/media\/720720"}],"wp:attachment":[{"href":"https:\/\/dailynewshungary.com\/it\/wp-json\/wp\/v2\/media?parent=720719"}],"wp:term":[{"taxonomy":"category","embeddable":true,"href":"https:\/\/dailynewshungary.com\/it\/wp-json\/wp\/v2\/categories?post=720719"},{"taxonomy":"post_tag","embeddable":true,"href":"https:\/\/dailynewshungary.com\/it\/wp-json\/wp\/v2\/tags?post=720719"}],"curies":[{"name":"wp","href":"https:\/\/api.w.org\/{rel}","templated":true}]}}