{"id":720729,"date":"2016-08-09T13:30:23","date_gmt":"2016-08-09T11:30:23","guid":{"rendered":"https:\/\/dailynewshungary.com\/it\/il-consigliere-di-orban-la-sicurezza-e-piu-importante-della-solidarieta-nella-situazione-migratoria\/"},"modified":"2016-08-09T13:30:23","modified_gmt":"2016-08-09T11:30:23","slug":"il-consigliere-di-orban-la-sicurezza-e-piu-importante-della-solidarieta-nella-situazione-migratoria","status":"publish","type":"post","link":"https:\/\/dailynewshungary.com\/it\/il-consigliere-di-orban-la-sicurezza-e-piu-importante-della-solidarieta-nella-situazione-migratoria\/","title":{"rendered":"Il consigliere di Orb\u00e1n: La sicurezza \u00e8 pi\u00f9 importante della solidariet\u00e0 nella situazione migratoria"},"content":{"rendered":"<p><strong>Marted\u00ec, in risposta a una dichiarazione del presidente della Commissione europea Jean-Claude Juncker, Gy\u00f6rgy Bakondi, consigliere capo per la sicurezza del primo ministro, ha dichiarato al canale televisivo pubblico M1 che non \u00e8 la solidariet\u00e0 ma la sicurezza la massima importanza.<\/strong><\/p>\n<p>In un&#8217;intervista ad un quotidiano tedesco Juncker ha affermato che la \u201cquota regula\u201d si basa sul principio di solidariet\u00e0 e il suo scopo \u00e8 quello di evitare che gli Stati membri del Mediterraneo restino soli con la \u201cmigration drama\u201d; in quanto \u201cguardian dei Trattati\u201d, \u00e8 dovere della Commissione garantire l&#8217;applicazione delle legislazioni comunitarie in vigore.<\/p>\n<p>Il signor Bakondi ha anche affermato che il referendum sulle quote trasmette un messaggio importante all&#8217;Europa Il voto \u00e8 una piattaforma decisionale democratica, porta un messaggio politico ed \u00e8 dovere dell&#8217;Ungheria incorporare la posizione accettata sulla base dei risultati del suo ordinamento giuridico e rappresentarla nei negoziati europei.<\/p>\n<p>In un&#8217;intervista con l&#8217;emittente pubblica Kossuth R\u00e1di\u00f3, Bakondi ha affermato che l&#8217;Ungheria sta applicando nuovi approcci per fermare l&#8217;immigrazione clandestina; tra questi figura la barriera tecnica al confine, senza la quale non si potrebbe fermare l&#8217;afflusso di persone, ma anche vari emendamenti legali e la presenza di agenti di polizia e militari lungo i confini.<\/p>\n<p style=\"text-align: center;\">[pulsante link=\u201dhttps:\/\/dailynewshungary.com\/tag\/immigration\/\u201d type=\u201dicona\u201d=\u201drearch\u201d newwindow=\u201dyes\u201d] Per saperne di pi\u00f9 notizie: IMMIGRATION[\/button]<\/p>\n<p>Il consigliere capo per la sicurezza ha sottolineato che una delle grandi domande per l&#8217;autunno \u00e8 se ci sar\u00e0 un cambiamento nella posizione dell&#8217;UE Era dell&#8217;opinione che ci sia una possibilit\u00e0 di vedere cambiamenti, poich\u00e9 sempre pi\u00f9 Stati membri stanno introducendo attivit\u00e0 di controllo delle frontiere.<\/p>\n<p><em>Foto: MTI\/AP\/Santi Palacios<\/em><\/p>\n","protected":false},"excerpt":{"rendered":"<p>Marted\u00ec, in risposta a una dichiarazione del presidente della Commissione europea Jean-Claude Juncker, Gy\u00f6rgy Bakondi, consigliere capo per la sicurezza del primo ministro, ha dichiarato al canale televisivo pubblico M1 che non \u00e8 la solidariet\u00e0 ma la sicurezza la massima importanza. In un&#8217;intervista ad un quotidiano tedesco Juncker ha affermato che la \u201cquota regula\u201d si [&hellip;]<\/p>\n","protected":false},"author":2,"featured_media":720730,"comment_status":"open","ping_status":"open","sticky":false,"template":"","format":"standard","meta":{"_display_image":"","footnotes":""},"categories":[1185],"tags":[1291,1075],"class_list":["post-720729","post","type-post","status-publish","format-standard","has-post-thumbnail","hentry","category-politica-in-ungheria","tag-migrazione","tag-unione-europea"],"blocksy_meta":[],"author_username":"alk","telegram_post":"","public_post_metadata":{"breaking_news":"","important":"","csempe":"","center_tile":"","disable_thumbnail":"","target_lang":"","_featured_image_style":"","telegram_post":"","_xlat_group_id":""},"public_rank_math_data":{"title":"%titolo% %sep% %nomesito%","description":"","focus_keyword":"migrazione","canonical_url":"","robots":"","primary_category":"1185","breadcrumb_title":"","facebook_title":"","facebook_description":"","facebook_image":"","facebook_image_id":"","twitter_title":"","twitter_description":"","twitter_image":"","twitter_image_id":"","twitter_card_type":"","twitter_use_facebook":"","advanced_robots":"","pillar_content":"","seo_score":"","contentai_score":"","rich_snippet":""},"_links":{"self":[{"href":"https:\/\/dailynewshungary.com\/it\/wp-json\/wp\/v2\/posts\/720729","targetHints":{"allow":["GET"]}}],"collection":[{"href":"https:\/\/dailynewshungary.com\/it\/wp-json\/wp\/v2\/posts"}],"about":[{"href":"https:\/\/dailynewshungary.com\/it\/wp-json\/wp\/v2\/types\/post"}],"author":[{"embeddable":true,"href":"https:\/\/dailynewshungary.com\/it\/wp-json\/wp\/v2\/users\/2"}],"replies":[{"embeddable":true,"href":"https:\/\/dailynewshungary.com\/it\/wp-json\/wp\/v2\/comments?post=720729"}],"version-history":[{"count":0,"href":"https:\/\/dailynewshungary.com\/it\/wp-json\/wp\/v2\/posts\/720729\/revisions"}],"wp:featuredmedia":[{"embeddable":true,"href":"https:\/\/dailynewshungary.com\/it\/wp-json\/wp\/v2\/media\/720730"}],"wp:attachment":[{"href":"https:\/\/dailynewshungary.com\/it\/wp-json\/wp\/v2\/media?parent=720729"}],"wp:term":[{"taxonomy":"category","embeddable":true,"href":"https:\/\/dailynewshungary.com\/it\/wp-json\/wp\/v2\/categories?post=720729"},{"taxonomy":"post_tag","embeddable":true,"href":"https:\/\/dailynewshungary.com\/it\/wp-json\/wp\/v2\/tags?post=720729"}],"curies":[{"name":"wp","href":"https:\/\/api.w.org\/{rel}","templated":true}]}}