{"id":721327,"date":"2016-07-16T18:20:57","date_gmt":"2016-07-16T16:20:57","guid":{"rendered":"https:\/\/dailynewshungary.com\/it\/lungheria-condanna-il-tentativo-di-putsch-in-turchia\/"},"modified":"2016-07-16T18:20:57","modified_gmt":"2016-07-16T16:20:57","slug":"lungheria-condanna-il-tentativo-di-putsch-in-turchia","status":"publish","type":"post","link":"https:\/\/dailynewshungary.com\/it\/lungheria-condanna-il-tentativo-di-putsch-in-turchia\/","title":{"rendered":"L\u2019Ungheria condanna il tentativo di putsch in Turchia"},"content":{"rendered":"<p><strong>Budapest, 6 luglio (MTI) 1 L&#8217;Ungheria condanna fermamente il tentativo di colpo di stato in Turchia, ha detto sabato il ministro degli Esteri.<\/strong><\/p>\n<p><img loading=\"lazy\" decoding=\"async\" class=\"size-medium wp-image-75246 alignright\" src=\"https:\/\/dailynewshungary.com\/wp-content\/uploads\/2016\/07\/D_MTZ20160716004-200x300.jpg\" alt=\"Szijj\u00e1rt\u00f3 P\u00e9ter\" width=\"200\" height=\"300\" srcset=\"https:\/\/contentf5.dailynewshungary.com\/wp-content\/uploads\/2016\/07\/D_MTZ20160716004-200x300.jpg 200w, https:\/\/contentf5.dailynewshungary.com\/wp-content\/uploads\/2016\/07\/D_MTZ20160716004-768x1154.jpg 768w, https:\/\/contentf5.dailynewshungary.com\/wp-content\/uploads\/2016\/07\/D_MTZ20160716004-682x1024.jpg 682w, https:\/\/contentf5.dailynewshungary.com\/wp-content\/uploads\/2016\/07\/D_MTZ20160716004-146x220.jpg 146w, https:\/\/contentf5.dailynewshungary.com\/wp-content\/uploads\/2016\/07\/D_MTZ20160716004-610x916.jpg 610w\" sizes=\"auto, (max-width: 200px) 100vw, 200px\">Sulla base delle azioni avvenute durante la notte, del modo in cui sono state commesse e del numero delle vittime, \u201cquesto pu\u00f2 essere definito un atto di terrorismo\u201d, ha detto P\u00e9ter Szijj\u00e1rt\u00f3 in una conferenza stampa all&#8217;aeroporto internazionale Liszt Ferenc di Budapest.<\/p>\n<p>Al momento non ci sono informazioni su cittadini ungheresi uccisi o feriti nel tentativo di colpo di stato, ha aggiunto.<\/p>\n<p>La Turchia \u00e8 amica dell&#8217;Ungheria e un alleato strategico, ha detto Szijj\u00e1rt\u00f3. L&#8217;Ungheria \u00e8 solidale con il governo democraticamente eletto in Turchia e anche con il presidente turco, ha aggiunto.<\/p>\n<p>Szijj\u00e1rt\u00f3 ha detto di aver parlato al telefono al mattino con il suo omologo turco, Mevlut Cavusoglu, e gli \u00e8 stato detto che il governo turco e le potenze centrali hanno ripreso il controllo e sono \u201cresponsabili della situazione\u201d Una parte dell&#8217;esercito ben organizzata, ma anche isolata, ha effettuato il tentativo di colpo di stato e ha cercato di prendere il potere, ha detto Cavusoglu a Szijj\u00e1rt\u00f3.<\/p>\n<p>Szijj\u00e1rt\u00f3, di ritorno dall&#8217;Incontro Asia-Europa (ASEM) a Ulan Bator, ha detto che ci sono stati colpi di arma da fuoco sparati nella strada accanto all&#8217;ambasciata ungherese ad Ankara, ma non erano diretti all&#8217;edificio dell&#8217;ambasciata o al suo personale.<\/p>\n<p>N\u00e1ndor G\u00far, vice leader dell&#8217;opposizione socialista, ha dichiarato sabato in una conferenza stampa su un&#8217;altra questione che il tentativo di colpo di stato in Turchia \u00e8 stato un&#8217;errata conferma.<\/p>\n<p>\u201cDobbiamo fare attenzione che una situazione simile in cui il popolo mette un governo permanente in una posizione tale da suscitare tali conseguenze non accada mai in Ungheria, ha detto\u201d Tali situazioni possono essere evitate se un governo serve il bene del popolo, ha aggiunto.<\/p>\n<p>Il ministero della Difesa ungherese ha affermato che il tour della missione dei soldati ungheresi in servizio nel contingente bosniaco dell&#8217;EUFOR \u00e8 stato prolungato a causa del tentativo di colpo di stato. Il tour di sei mesi dei soldati sarebbe terminato in serata, ma ora rimarr\u00e0 fino a quando la situazione in Turchia non sar\u00e0 risolta. I soldati sono in attesa da venerd\u00ec sera, ha detto il ministero.<\/p>\n<p>Circa 150 soldati ungheresi sono di stanza a Sarajevo nell&#8217;ambito della missione di mantenimento della pace EUFOR.<\/p>\n<p><em>Foto: MTI\/AP\/Burhan Ozbilici<\/em><\/p>\n","protected":false},"excerpt":{"rendered":"<p>Budapest, 6 luglio (MTI) 1 L&#8217;Ungheria condanna fermamente il tentativo di colpo di stato in Turchia, ha detto sabato il ministro degli Esteri. Sulla base delle azioni avvenute durante la notte, del modo in cui sono state commesse e del numero delle vittime, \u201cquesto pu\u00f2 essere definito un atto di terrorismo\u201d, ha detto P\u00e9ter Szijj\u00e1rt\u00f3 [&hellip;]<\/p>\n","protected":false},"author":2,"featured_media":721328,"comment_status":"open","ping_status":"open","sticky":false,"template":"","format":"standard","meta":{"_display_image":"","footnotes":""},"categories":[1185],"tags":[1092,1086],"class_list":["post-721327","post","type-post","status-publish","format-standard","has-post-thumbnail","hentry","category-politica-in-ungheria","tag-ministero-degli-affari-esteri-dellungheria","tag-turchia"],"blocksy_meta":[],"author_username":"alk","telegram_post":"","public_post_metadata":{"breaking_news":"","important":"","csempe":"","center_tile":"","disable_thumbnail":"","target_lang":"","_featured_image_style":"","telegram_post":"","_xlat_group_id":""},"public_rank_math_data":{"title":"%titolo% %sep% %nomesito%","description":"","focus_keyword":"","canonical_url":"","robots":"","primary_category":"1185","breadcrumb_title":"","facebook_title":"","facebook_description":"","facebook_image":"","facebook_image_id":"","twitter_title":"","twitter_description":"","twitter_image":"","twitter_image_id":"","twitter_card_type":"","twitter_use_facebook":"","advanced_robots":"","pillar_content":"","seo_score":"","contentai_score":"","rich_snippet":""},"_links":{"self":[{"href":"https:\/\/dailynewshungary.com\/it\/wp-json\/wp\/v2\/posts\/721327","targetHints":{"allow":["GET"]}}],"collection":[{"href":"https:\/\/dailynewshungary.com\/it\/wp-json\/wp\/v2\/posts"}],"about":[{"href":"https:\/\/dailynewshungary.com\/it\/wp-json\/wp\/v2\/types\/post"}],"author":[{"embeddable":true,"href":"https:\/\/dailynewshungary.com\/it\/wp-json\/wp\/v2\/users\/2"}],"replies":[{"embeddable":true,"href":"https:\/\/dailynewshungary.com\/it\/wp-json\/wp\/v2\/comments?post=721327"}],"version-history":[{"count":0,"href":"https:\/\/dailynewshungary.com\/it\/wp-json\/wp\/v2\/posts\/721327\/revisions"}],"wp:featuredmedia":[{"embeddable":true,"href":"https:\/\/dailynewshungary.com\/it\/wp-json\/wp\/v2\/media\/721328"}],"wp:attachment":[{"href":"https:\/\/dailynewshungary.com\/it\/wp-json\/wp\/v2\/media?parent=721327"}],"wp:term":[{"taxonomy":"category","embeddable":true,"href":"https:\/\/dailynewshungary.com\/it\/wp-json\/wp\/v2\/categories?post=721327"},{"taxonomy":"post_tag","embeddable":true,"href":"https:\/\/dailynewshungary.com\/it\/wp-json\/wp\/v2\/tags?post=721327"}],"curies":[{"name":"wp","href":"https:\/\/api.w.org\/{rel}","templated":true}]}}